{"id":177,"name":"Ana Balbi","url":"","description":"Me recib\u00ed de m\u00e9dica en la UBA. Escribo y comunico por placer y pasi\u00f3n.","link":"https:\/\/buenosairesconnect.com\/fr\/author\/ana-ines-balbi\/","slug":"ana-ines-balbi","avatar_urls":{"24":"https:\/\/secure.gravatar.com\/avatar\/f328b8d8f7e3b3f0e9397fb199eebe0aec4de5b405f0056a97386f1277fba601?s=24&r=g","48":"https:\/\/secure.gravatar.com\/avatar\/f328b8d8f7e3b3f0e9397fb199eebe0aec4de5b405f0056a97386f1277fba601?s=48&r=g","96":"https:\/\/secure.gravatar.com\/avatar\/f328b8d8f7e3b3f0e9397fb199eebe0aec4de5b405f0056a97386f1277fba601?s=96&r=g"},"meta":[],"_links":{"self":[{"href":"https:\/\/buenosairesconnect.com\/fr\/wp-json\/wp\/v2\/users\/177","targetHints":{"allow":["GET"]}}],"collection":[{"href":"https:\/\/buenosairesconnect.com\/fr\/wp-json\/wp\/v2\/users"}]}}