{"id":875,"date":"2021-01-11T00:00:37","date_gmt":"2021-01-11T03:00:37","guid":{"rendered":"https:\/\/buenosairesconnect.com\/2011\/09\/15\/musee-des-l-arts-deco-r-le-melange-des-genres\/"},"modified":"2025-10-27T12:19:00","modified_gmt":"2025-10-27T15:19:00","slug":"musee-des-arts-decoratifs-palermo","status":"publish","type":"post","link":"https:\/\/buenosairesconnect.com\/fr\/musee-des-arts-decoratifs-palermo\/","title":{"rendered":"Mus\u00e9e des Arts D\u00e9coratifs, le m\u00e9lange des genres"},"content":{"rendered":"<p style=\"text-align: center;\"><em>D\u00e9couvrez le <strong>Museo Nacional de Arte Decorativo<\/strong> \u00e0 <strong>Buenos Aires<\/strong> : un palais n\u00e9oclassique somptueux abritant des milliers d\u2019objets d\u2019art d\u00e9coratif europ\u00e9en et oriental, de l\u2019intimit\u00e9 aristocratique au mus\u00e9e d\u2019exception.<\/em><\/p>\n<hr \/>\n<p style=\"text-align: justify;\">L&rsquo;ancien palais de la puissante famille argentino-chilienne Err\u00e1zuriz-Alvear, ainsi que toute leur collection d\u2019\u0153uvres d\u2019art europ\u00e9en et oriental ont \u00e9t\u00e9 rachet\u00e9s par l&rsquo;\u00c9tat argentin en 1937 avec comme condition <em>sine qua non<\/em> d&rsquo;en faire un mus\u00e9e. Le Mus\u00e9e des Arts d\u00e9coratifs naissait alors.<\/p>\n<p style=\"text-align: justify;\">Imagin\u00e9 par l&rsquo;architecte fran\u00e7ais Ren\u00e9 Sergent, sa construction dura de 1911 \u00e0 1917. L&rsquo;\u00e9difice se d\u00e9voile sur quatre \u00e9tages et la d\u00e9coration est des plus vari\u00e9es. Riche de leurs voyages de par le monde, le couple Josefina de Alvear y Mat\u00edas Err\u00e1zuriz, ne cessa, sa vie durant, d&rsquo;acheter des sculptures, des peintures, des meubles, etc, principalement d&rsquo;Europe et d&rsquo;Asie.<\/p>\n<p style=\"text-align: justify;\">On passe de l&rsquo;antichambre n\u00e9oclassique \u00e0 la salle \u00e0 manger baroque, la porcelaine fran\u00e7aise c\u00f4toie le marbre de Carrare et les statues en jade, c&rsquo;est un grand m\u00e9lange de styles, parfois d\u00e9concertant, mais il y en a pour tous les go\u00fbts !<\/p>\n<p style=\"text-align: justify;\">Nous adorons le choc que produit l&rsquo;entr\u00e9e dans le Grand salon renaissance (<em>photo<\/em>). Comme son nom l&rsquo;indique presque, c&rsquo;est la pi\u00e8ce la plus vaste du palais. Avec son balcon en bois et son imposante chemin\u00e9e, on se croit revenu au XVI\u00e8 si\u00e8cle. On s&rsquo;attendrait \u00e0 voir des troubadours arriver pour divertir damoiseaux et damoiselles tandis que le cochon grille sur sa broche !<\/p>\n<p style=\"text-align: justify;\">Mais nous pr\u00e9f\u00e9rons vous laisser d\u00e9couvrir par vous-m\u00eame ce palais, tant\u00f4t avant-gardiste, tant\u00f4t juste dans son \u00e9poque.<\/p>\n<p style=\"text-align: justify;\">\u00c0 la sortie ou \u00e0 l&rsquo;entr\u00e9e, impossible de passer \u00e0 c\u00f4t\u00e9 du petit caf\u00e9 <a href=\"https:\/\/buenosairesconnect.com\/fr\/croque-madame-cafe-comme-un-parfum-de-paris\/\">Croque-Madame<\/a> install\u00e9 dans la cours du mus\u00e9e. Pour un go\u00fbter \u00e0 l&rsquo;ombre des arbres. Avides d&rsquo;art, dirigez-vous de ce pas au <a href=\"https:\/\/buenosairesconnect.com\/fr\/musee-des-beaux-arts-lesthetique-a-lepreuve-des-siecles\/\">Mus\u00e9e des Beaux-arts<\/a>, \u00e9galement sur l&rsquo;avenue Libertador, mais du c\u00f4t\u00e9 de <a href=\"https:\/\/buenosairesconnect.com\/fr\/recoleta-luxe-et-tranquillite\/\">Recoleta<\/a>.<\/p>\n<p><em><strong><a href=\"https:\/\/museoartedecorativo.cultura.gob.ar\/\" target=\"_blank\" rel=\"noopener noreferrer\">Mus\u00e9e National des Arts D\u00e9coratifs<\/a><\/strong><\/em><br \/>\n<em>Av. del Libertador 1902 \u2013 <a href=\"https:\/\/buenosairesconnect.com\/fr\/quartier-palermo\/\">Palermo<\/a><\/em><br \/>\n<em>Tel : 4806-8306<\/em><br \/>\n<em>Horaires : d<\/em><em>e jeudi \u00e0 dimanche, de 13h \u00e0 19h<\/em><\/p>\n<p>Photo : MNAD<\/p>\n","protected":false},"excerpt":{"rendered":"<p>D\u00e9couvrez le Museo Nacional de Arte Decorativo \u00e0 Buenos Aires : un palais n\u00e9oclassique somptueux abritant des milliers d\u2019objets d\u2019art d\u00e9coratif europ\u00e9en et oriental, de l\u2019intimit\u00e9 aristocratique au mus\u00e9e d\u2019exception. L&rsquo;ancien palais de la puissante famille argentino-chilienne Err\u00e1zuriz-Alvear, ainsi que toute leur collection d\u2019\u0153uvres d\u2019art europ\u00e9en et oriental ont \u00e9t\u00e9 rachet\u00e9s par l&rsquo;\u00c9tat argentin en [&hellip;]<\/p>\n","protected":false},"author":12,"featured_media":87153,"comment_status":"closed","ping_status":"closed","sticky":false,"template":"","format":"standard","meta":{"footnotes":""},"categories":[3562,2290,1081],"tags":[],"coauthors":[1398],"class_list":["post-875","post","type-post","status-publish","format-standard","has-post-thumbnail","category-musee","category-se-cultiver","category-palermo-quartier"],"_links":{"self":[{"href":"https:\/\/buenosairesconnect.com\/fr\/wp-json\/wp\/v2\/posts\/875","targetHints":{"allow":["GET"]}}],"collection":[{"href":"https:\/\/buenosairesconnect.com\/fr\/wp-json\/wp\/v2\/posts"}],"about":[{"href":"https:\/\/buenosairesconnect.com\/fr\/wp-json\/wp\/v2\/types\/post"}],"author":[{"embeddable":true,"href":"https:\/\/buenosairesconnect.com\/fr\/wp-json\/wp\/v2\/users\/12"}],"replies":[{"embeddable":true,"href":"https:\/\/buenosairesconnect.com\/fr\/wp-json\/wp\/v2\/comments?post=875"}],"version-history":[{"count":3,"href":"https:\/\/buenosairesconnect.com\/fr\/wp-json\/wp\/v2\/posts\/875\/revisions"}],"predecessor-version":[{"id":153397,"href":"https:\/\/buenosairesconnect.com\/fr\/wp-json\/wp\/v2\/posts\/875\/revisions\/153397"}],"wp:featuredmedia":[{"embeddable":true,"href":"https:\/\/buenosairesconnect.com\/fr\/wp-json\/wp\/v2\/media\/87153"}],"wp:attachment":[{"href":"https:\/\/buenosairesconnect.com\/fr\/wp-json\/wp\/v2\/media?parent=875"}],"wp:term":[{"taxonomy":"category","embeddable":true,"href":"https:\/\/buenosairesconnect.com\/fr\/wp-json\/wp\/v2\/categories?post=875"},{"taxonomy":"post_tag","embeddable":true,"href":"https:\/\/buenosairesconnect.com\/fr\/wp-json\/wp\/v2\/tags?post=875"},{"taxonomy":"author","embeddable":true,"href":"https:\/\/buenosairesconnect.com\/fr\/wp-json\/wp\/v2\/coauthors?post=875"}],"curies":[{"name":"wp","href":"https:\/\/api.w.org\/{rel}","templated":true}]}}