{"id":79563,"date":"2026-08-03T08:57:50","date_gmt":"2026-08-03T11:57:50","guid":{"rendered":"https:\/\/buenosairesconnect.com\/?p=79563"},"modified":"2026-07-13T15:57:58","modified_gmt":"2026-07-13T18:57:58","slug":"plaza-san-martin-retiro","status":"publish","type":"post","link":"https:\/\/buenosairesconnect.com\/fr\/plaza-san-martin-retiro\/","title":{"rendered":"Plaza San Mart\u00edn, t\u00e9moin vert de l\u2019histoire argentine"},"content":{"rendered":"<div role=\"feed\" aria-label=\"Mensajes del chat\" aria-describedby=\"_r_17l_\" aria-busy=\"false\" data-find-provider-scope=\"\">\n<div data-sizer-excess=\"0\">\n<div data-index=\"5\" data-last-message=\"true\">\n<div tabindex=\"0\" role=\"article\" aria-setsize=\"6\" aria-posinset=\"6\" aria-label=\"Mensaje 6 de 6\">\n<div data-test-render-count=\"1\">\n<div class=\"group\">\n<div class=\"contents\">\n<div class=\"group relative relative pb-[var(--msg-assistant-pb,0.75rem)]\" data-is-streaming=\"false\">\n<div class=\"font-claude-response relative leading-[1.65rem] [&amp;_pre&gt;div]:bg-bg-000\/50 [&amp;_pre&gt;div]:border-0.5 [&amp;_pre&gt;div]:border-border-400 [&amp;_.ignore-pre-bg&gt;div]:bg-transparent [&amp;_.standard-markdown_:is(p,blockquote,h1,h2,h3,h4,h5,h6)]:pl-2 [&amp;_.standard-markdown_:is(p,blockquote,ul,ol,h1,h2,h3,h4,h5,h6)]:pr-8 [&amp;_.progressive-markdown_:is(p,blockquote,h1,h2,h3,h4,h5,h6)]:pl-2 [&amp;_.progressive-markdown_:is(p,blockquote,ul,ol,h1,h2,h3,h4,h5,h6)]:pr-8\">\n<div>\n<div class=\"grid grid-rows-[auto_auto] min-w-0\">\n<div class=\"row-start-2 col-start-1 relative grid grid-rows-[auto_auto] isolate min-w-0\">\n<div class=\"row-start-1 col-start-1 relative z-[2] min-w-0\">\n<div>\n<div>\n<div class=\"standard-markdown grid-cols-1 grid [&amp;_&gt;_*]:min-w-0 gap-3 standard-markdown\">\n<p class=\"font-claude-response-body break-words whitespace-normal\" style=\"text-align: center;\"><em>Le 17 ao\u00fbt, on c\u00e9l\u00e8bre le passage \u00e0 l&rsquo;immortalit\u00e9 du G\u00e9n\u00e9ral San Mart\u00edn. Une belle occasion de parcourir les lieux de Buenos Aires qui rendent hommage \u00e0 ce grand homme, <strong>\u00e0 commencer par la Plaza San Mart\u00edn<\/strong>.<\/em><\/p>\n<\/div>\n<\/div>\n<\/div>\n<\/div>\n<\/div>\n<\/div>\n<\/div>\n<\/div>\n<\/div>\n<\/div>\n<div class=\"flex justify-start ml-0.5\" data-message-action-bar=\"\">\n<div class=\"text-text-300\">\n<hr \/>\n<\/div>\n<\/div>\n<\/div>\n<\/div>\n<\/div>\n<\/div>\n<\/div>\n<\/div>\n<p style=\"text-align: justify;\">Fl\u00e2nez au c\u0153ur du quartier de <strong>Retiro<\/strong> \u00e0 Buenos Aires sur la <strong>Plaza San Mart\u00edn<\/strong> : un \u00e9crin historique abritant monuments, espaces verts et \u00e9l\u00e9gantes fa\u00e7ades.<\/p>\n<p style=\"text-align: justify;\">En plein c\u0153ur du <strong>microcentre porte\u00f1o<\/strong>, l\u00e0 o\u00f9 le rythme tr\u00e9pidant de la ville semble ne jamais faiblir, la Plaza San Mart\u00edn offre une parenth\u00e8se verdoyante et paisible, parfaite pour fl\u00e2ner, s&rsquo;installer \u00e0 l&rsquo;ombre d&rsquo;un arbre ou simplement observer le tourbillon de Buenos Aires sous un autre angle.<\/p>\n<p style=\"text-align: justify;\">Le jour o\u00f9 les habitants du <strong>quartier de <a href=\"https:\/\/buenosairesconnect.com\/fr\/retiro-quartier-elegant-buenos-aires\/\">Retiro<\/a><\/strong> ont commenc\u00e9 \u00e0 r\u00e9clamer un espace vert, ils \u00e9taient loin d&rsquo;imaginer que leur demande serait couronn\u00e9e d&rsquo;un tel succ\u00e8s. Autrement dit, qu&rsquo;elle aboutirait \u00e0 la construction de <a href=\"https:\/\/buenosairesconnect.com\/fr\/places-de-buenos-aires\/\">l&rsquo;une des plus belles places de Buenos Aires<\/a>. Aujourd&rsquo;hui, la Plaza San Mart\u00edn est la seconde place historique de la ville apr\u00e8s la Plaza de Mayo.<\/p>\n<p style=\"text-align: justify;\">La place compte un grand nombre d&rsquo;arbres verdoyants qui cr\u00e9ent de subtils jeux d&rsquo;ombre et de lumi\u00e8re sur les passants \u2013 g\u00e9n\u00e9ralement des hommes d&rsquo;affaires press\u00e9s qui traversent la place \u00e0 toute allure \u00e0 l&rsquo;heure du d\u00e9jeuner ou des coll\u00e9giens qui y tra\u00eenent pendant tout l&rsquo;apr\u00e8s-midi. Autour de la place, on trouve des consulats, des ambassades, des h\u00f4tels c\u00e9l\u00e8bres et des b\u00e2timents d&rsquo;inspiration fran\u00e7aise.<\/p>\n<p style=\"text-align: justify;\">Le meilleur spot ? La grande terrasse qui donne sur un jardin inclin\u00e9, et offre une vue privil\u00e9gi\u00e9e sur l&rsquo;architecture du quartier, les embouteillages, les couples d&rsquo;amoureux allong\u00e9s sur la pelouse. Sans oublier la Tour des Anglais et son immanquable horloge qui occupe l&rsquo;horizon. Une vue digne d&rsquo;une carte postale. Inoubliable. Au coucher du soleil, la lumi\u00e8re dor\u00e9e qui filtre \u00e0 travers les frondaisons donne \u00e0 la place une atmosph\u00e8re toute particuli\u00e8re, tandis que les bancs se remplissent de voisins venus lire, discuter ou simplement souffler avant de reprendre leur chemin.<\/p>\n<h2 style=\"text-align: justify;\"><strong>L&rsquo;Histoire \u00e0 chaque pas<\/strong><\/h2>\n<p style=\"text-align: justify;\">En 1800, l&rsquo;endroit accueillait des ar\u00e8nes. Bien avant cela, au moment de la deuxi\u00e8me invasion anglaise, des affrontements militaires eurent lieu \u00e0 l&rsquo;exact emplacement de la place. Quelques ann\u00e9es plus tard, le G\u00e9n\u00e9ral San Mart\u00edn y installa ses quartiers (d&rsquo;o\u00f9 le nom).<\/p>\n<p style=\"text-align: justify;\">Le lieu a donc \u00e9t\u00e9 marqu\u00e9 \u00e0 la fois par l&rsquo;imagerie militaire et par la tauromachie. Jusqu&rsquo;\u00e0 ce que les voisins demandent \u00e0 ce que la place soit reconstruite et rebois\u00e9e comme un espace vert. Au fil des d\u00e9cennies, cet ancien terrain militaire s&rsquo;est transform\u00e9 en l&rsquo;un des lieux de rencontre pr\u00e9f\u00e9r\u00e9s des Porte\u00f1os, bien loin de son pass\u00e9 guerrier.<\/p>\n<h2 style=\"text-align: justify;\"><strong>La main inspir\u00e9e de Carlos Thays<\/strong><\/h2>\n<p style=\"text-align: justify;\">Comme c&rsquo;est le cas pour de nombreux autres endroits que nous adorons \u00e0 Buenos Aires, le Fran\u00e7ais <a href=\"https:\/\/buenosairesconnect.com\/fr\/carlos-thays-francais-parcs-places\/?lang=fr\">Carlos Thays<\/a> a apport\u00e9 sa touche de g\u00e9nie \u00e0 la Plaza San Mart\u00edn. Le paysagiste a imagin\u00e9 une zone r\u00e9serv\u00e9e \u00e0 la pelouse et une autre o\u00f9 il a plant\u00e9 palmiers, tilleuls, saules, pins, ch\u00eanes et ses <a href=\"https:\/\/buenosairesconnect.com\/fr\/jacaranda-a-buenos-aires\/\">jacarandas<\/a> ch\u00e9ris. Cette combinaison d&rsquo;essences, pens\u00e9e pour offrir de l&rsquo;ombre toute l&rsquo;ann\u00e9e, reste aujourd&rsquo;hui l&rsquo;un des grands atouts de la place, notamment au printemps, lorsque les jacarandas teintent le paysage de violet.<\/p>\n<h2 style=\"text-align: justify;\"><strong>Les monuments incontournables de la Plaza San Mart\u00edn<\/strong><\/h2>\n<p style=\"text-align: justify;\">La place accueille un certain nombre de monuments qui comptent dans l&rsquo;histoire argentine. Par exemple, le Monument au G\u00e9n\u00e9ral San Mart\u00edn, une \u0153uvre du sculpteur fran\u00e7ais Louis Joseph Daumas, avec quelques pi\u00e8ces de l&rsquo;Allemand Gustav Eberlein. On raconte qu&rsquo;il s&rsquo;agit de la premi\u00e8re statue \u00e9questre d&rsquo;Argentine.<\/p>\n<p style=\"text-align: justify;\">Mentionnons aussi le <strong>Monument aux victimes des Malouines<\/strong> : vingt-cinq plaques de marbre pour rendre hommage aux six-cent-quarante-neuf soldats tomb\u00e9s au champ d&rsquo;honneur. Leurs noms figurent sur le monument. Il existe \u00e9galement un monument appel\u00e9 \u00ab Le doute \u00bb, qui repr\u00e9sente un jeune et un vieux monsieur lisant et s&rsquo;interrogeant devant une Bible ouverte. \u00c0 ces monuments s&rsquo;ajoutent d&rsquo;autres sculptures et plaques comm\u00e9moratives diss\u00e9min\u00e9es sur l&rsquo;ensemble du site, qui transforment une simple promenade sur la place en un v\u00e9ritable parcours \u00e0 travers diff\u00e9rents \u00e9pisodes de l&rsquo;histoire argentine.<\/p>\n<p style=\"text-align: justify;\">La Plaza San Mart\u00edn permet de profiter, depuis une sorte de monticule privil\u00e9gi\u00e9 et isol\u00e9, d&rsquo;une des zones les plus agit\u00e9es et typiques de la Capitale. Elle a \u00e9t\u00e9 d\u00e9clar\u00e9e lieu historique en 1942.<\/p>\n<p style=\"text-align: justify;\"><strong><em>Plaza San Mart\u00edn<\/em><\/strong><br \/>\n<em> Av. Santa Fe et Maip\u00fa &#8211; <a href=\"https:\/\/buenosairesconnect.com\/fr\/retiro-quartier-elegant-buenos-aires\/\">Retiro<\/a><\/em><\/p>\n<p style=\"text-align: justify;\">Photo : <a class=\"owner-name truncate\" title=\"Ir a la galer\u00eda de ph.carocol\" href=\"https:\/\/www.flickr.com\/photos\/147816487@N08\/\" target=\"_blank\" rel=\"noopener noreferrer\" data-track=\"attributionNameClick\" data-rapid_p=\"51\">ph.carocol<\/a><\/p>\n","protected":false},"excerpt":{"rendered":"<p>Le 17 ao\u00fbt, on c\u00e9l\u00e8bre le passage \u00e0 l&rsquo;immortalit\u00e9 du G\u00e9n\u00e9ral San Mart\u00edn. Une belle occasion de parcourir les lieux de Buenos Aires qui rendent hommage \u00e0 ce grand homme, \u00e0 commencer par la Plaza San Mart\u00edn. Fl\u00e2nez au c\u0153ur du quartier de Retiro \u00e0 Buenos Aires sur la Plaza San Mart\u00edn : un \u00e9crin [&hellip;]<\/p>\n","protected":false},"author":82,"featured_media":79558,"comment_status":"closed","ping_status":"closed","sticky":false,"template":"","format":"standard","meta":{"footnotes":""},"categories":[2418,5097],"tags":[],"coauthors":[3649,4501],"class_list":["post-79563","post","type-post","status-publish","format-standard","has-post-thumbnail","category-s-evader","category-parc-et-reserve-naturelle"],"_links":{"self":[{"href":"https:\/\/buenosairesconnect.com\/fr\/wp-json\/wp\/v2\/posts\/79563","targetHints":{"allow":["GET"]}}],"collection":[{"href":"https:\/\/buenosairesconnect.com\/fr\/wp-json\/wp\/v2\/posts"}],"about":[{"href":"https:\/\/buenosairesconnect.com\/fr\/wp-json\/wp\/v2\/types\/post"}],"author":[{"embeddable":true,"href":"https:\/\/buenosairesconnect.com\/fr\/wp-json\/wp\/v2\/users\/82"}],"replies":[{"embeddable":true,"href":"https:\/\/buenosairesconnect.com\/fr\/wp-json\/wp\/v2\/comments?post=79563"}],"version-history":[{"count":6,"href":"https:\/\/buenosairesconnect.com\/fr\/wp-json\/wp\/v2\/posts\/79563\/revisions"}],"predecessor-version":[{"id":157507,"href":"https:\/\/buenosairesconnect.com\/fr\/wp-json\/wp\/v2\/posts\/79563\/revisions\/157507"}],"wp:featuredmedia":[{"embeddable":true,"href":"https:\/\/buenosairesconnect.com\/fr\/wp-json\/wp\/v2\/media\/79558"}],"wp:attachment":[{"href":"https:\/\/buenosairesconnect.com\/fr\/wp-json\/wp\/v2\/media?parent=79563"}],"wp:term":[{"taxonomy":"category","embeddable":true,"href":"https:\/\/buenosairesconnect.com\/fr\/wp-json\/wp\/v2\/categories?post=79563"},{"taxonomy":"post_tag","embeddable":true,"href":"https:\/\/buenosairesconnect.com\/fr\/wp-json\/wp\/v2\/tags?post=79563"},{"taxonomy":"author","embeddable":true,"href":"https:\/\/buenosairesconnect.com\/fr\/wp-json\/wp\/v2\/coauthors?post=79563"}],"curies":[{"name":"wp","href":"https:\/\/api.w.org\/{rel}","templated":true}]}}