{"id":68323,"date":"2020-03-12T10:27:56","date_gmt":"2020-03-12T13:27:56","guid":{"rendered":"https:\/\/buenosairesconnect.com\/?p=68323"},"modified":"2025-10-14T10:02:57","modified_gmt":"2025-10-14T13:02:57","slug":"espacio-memoria-esma-conti-ecunhi-cultura","status":"publish","type":"post","link":"https:\/\/buenosairesconnect.com\/fr\/espacio-memoria-esma-conti-ecunhi-cultura\/","title":{"rendered":"Espacio Memoria, la culture d\u2019aplomb"},"content":{"rendered":"<p style=\"text-align: justify;\">Nous n&rsquo;allons pas nous attarder ici sur l&rsquo;histoire de l&rsquo;Ex-ESMA, ancien centre de torture, qui propose de revenir sur les ann\u00e9es de plomb de la dictature militaire (1976-1983) et que nous vous pr\u00e9sentons <a href=\"https:\/\/buenosairesconnect.com\/fr\/esma-la-memoire-a-nue-2\/\">ici<\/a>, mais plut\u00f4t sur les b\u00e2timents Haroldo Conti et ECUNHI, qui ont fait le pari de transformer cet espace autrefois synonyme d\u2019horreur et de mort en centre culturel plein de vie et d\u2019aplomb.<\/p>\n<p style=\"text-align: justify;\">Son but est de promouvoir la diffusion de la culture et des droits de l&rsquo;homme \u00e0 travers le cin\u00e9ma, la danse, le th\u00e9\u00e2tre, la musique, la photographie et toutes formes d&rsquo;art, autour de deux cr\u00e9dos : la gratuit\u00e9 et l\u2019accessibilit\u00e9 pour tous.<\/p>\n<h2><strong>Le centre Haroldo Conti<\/strong><\/h2>\n<p style=\"text-align: justify;\">Le <a href=\"http:\/\/conti.derhuman.jus.gov.ar\/areas\/agenda\/actividades-v2.php\" target=\"_blank\" rel=\"noopener\">centre Haroldo Conti<\/a> propose des activit\u00e9s vari\u00e9es et un agenda bien rempli. Rendez-vous le vendredi pour les concerts, spectacles de danse ou th\u00e9\u00e2tre. Attention, on vous conseille d\u2019arriver une heure \u00e0 l&rsquo;avance, afin de d\u00e9nicher une entr\u00e9e gratuite \u00e0 l&rsquo;auditorium : c&rsquo;est dire si les spectacles propos\u00e9s sont pris\u00e9s !\u00a0 En attendant, visitez l&rsquo;expo d&rsquo;art contemporain du moment, ou explorez la librairie r\u00e9cemment inaugur\u00e9e.<\/p>\n<h2><strong> l&rsquo;ECUNHI<\/strong><\/h2>\n<p style=\"text-align: justify;\">Vous aurez aussi la possibilit\u00e9 de jumeler le visionnage du film-d\u00e9bat propos\u00e9 par <a href=\"https:\/\/ecunhi.com.ar\/\" target=\"_blank\" rel=\"noopener\">l&rsquo;ECUNHI<\/a>. Les rencontres et d\u00e9bats qui suivent les projections se r\u00e9v\u00e8lent particuli\u00e8rement int\u00e9ressantes, gr\u00e2ce \u00e0 la pr\u00e9sence r\u00e9guli\u00e8re de r\u00e9alisateurs ou de certains acteurs. On y a vu passer par exemple le fr\u00e8re cadet d&rsquo;Ernesto Guevara et l&rsquo;historien Osvaldo Bayer, pour ne citer que deux exemples.<\/p>\n<p style=\"text-align: justify;\">On ne vous cache pas que l&rsquo;endroit militant pour la justice et la m\u00e9moire active, \u00e0 travers la culture et l&rsquo;\u00e9change, les \u00e9v\u00e9nements propos\u00e9s donnent parfois lieu \u00e0 des d\u00e9bats politis\u00e9s de par la nature du public, sp\u00e9cialement \u00e0 l&rsquo;ECUNHI.<\/p>\n<p style=\"text-align: justify;\">Pour couronner le tout, ces deux espaces proposent \u00e9galement des ateliers de musique, chant, peinture, \u00e9criture, etc. \u00c0 voir en particulier\u00a0: les ateliers d&rsquo;interpr\u00e9tation de tango, de percussion latino-am\u00e9ricaine et de rythmes argentins \u00e0 la guitare, entre autres.<\/p>\n<p style=\"text-align: justify;\"><em><strong><a href=\"http:\/\/www.espaciomemoria.ar\/\" target=\"_blank\" rel=\"noopener\">Espacio Memoria<\/a><\/strong><\/em><br \/>\n<em> Av. Del Libertador 8151 \u2013 <a href=\"https:\/\/buenosairesconnect.com\/fr\/nunez-les-nouveaux-lieux-incontournables-du-quartier\/\">N\u00fa\u00f1ez<\/a><\/em><br \/>\n<em> Tel : 4702-9920<\/em><\/p>\n<p style=\"text-align: justify;\">\n","protected":false},"excerpt":{"rendered":"<p>Nous n&rsquo;allons pas nous attarder ici sur l&rsquo;histoire de l&rsquo;Ex-ESMA, ancien centre de torture, qui propose de revenir sur les ann\u00e9es de plomb de la dictature militaire (1976-1983) et que nous vous pr\u00e9sentons ici, mais plut\u00f4t sur les b\u00e2timents Haroldo Conti et ECUNHI, qui ont fait le pari de transformer cet espace autrefois synonyme d\u2019horreur [&hellip;]<\/p>\n","protected":false},"author":77,"featured_media":68334,"comment_status":"closed","ping_status":"closed","sticky":false,"template":"","format":"standard","meta":{"footnotes":""},"categories":[2290,3563,5091],"tags":[],"coauthors":[3490],"class_list":["post-68323","post","type-post","status-publish","format-standard","has-post-thumbnail","category-se-cultiver","category-centre-culturel","category-nunez-quartier"],"_links":{"self":[{"href":"https:\/\/buenosairesconnect.com\/fr\/wp-json\/wp\/v2\/posts\/68323","targetHints":{"allow":["GET"]}}],"collection":[{"href":"https:\/\/buenosairesconnect.com\/fr\/wp-json\/wp\/v2\/posts"}],"about":[{"href":"https:\/\/buenosairesconnect.com\/fr\/wp-json\/wp\/v2\/types\/post"}],"author":[{"embeddable":true,"href":"https:\/\/buenosairesconnect.com\/fr\/wp-json\/wp\/v2\/users\/77"}],"replies":[{"embeddable":true,"href":"https:\/\/buenosairesconnect.com\/fr\/wp-json\/wp\/v2\/comments?post=68323"}],"version-history":[{"count":1,"href":"https:\/\/buenosairesconnect.com\/fr\/wp-json\/wp\/v2\/posts\/68323\/revisions"}],"predecessor-version":[{"id":152930,"href":"https:\/\/buenosairesconnect.com\/fr\/wp-json\/wp\/v2\/posts\/68323\/revisions\/152930"}],"wp:featuredmedia":[{"embeddable":true,"href":"https:\/\/buenosairesconnect.com\/fr\/wp-json\/wp\/v2\/media\/68334"}],"wp:attachment":[{"href":"https:\/\/buenosairesconnect.com\/fr\/wp-json\/wp\/v2\/media?parent=68323"}],"wp:term":[{"taxonomy":"category","embeddable":true,"href":"https:\/\/buenosairesconnect.com\/fr\/wp-json\/wp\/v2\/categories?post=68323"},{"taxonomy":"post_tag","embeddable":true,"href":"https:\/\/buenosairesconnect.com\/fr\/wp-json\/wp\/v2\/tags?post=68323"},{"taxonomy":"author","embeddable":true,"href":"https:\/\/buenosairesconnect.com\/fr\/wp-json\/wp\/v2\/coauthors?post=68323"}],"curies":[{"name":"wp","href":"https:\/\/api.w.org\/{rel}","templated":true}]}}