{"id":65318,"date":"2014-08-21T09:52:27","date_gmt":"2014-08-21T12:52:27","guid":{"rendered":"https:\/\/buenosairesconnect.com\/?p=65318"},"modified":"2025-11-17T10:34:09","modified_gmt":"2025-11-17T13:34:09","slug":"petit-mercado-anniversaire-anciens-combattants","status":"publish","type":"post","link":"https:\/\/buenosairesconnect.com\/fr\/petit-mercado-anniversaire-anciens-combattants\/","title":{"rendered":"Le Petit Mercado souffle sa premi\u00e8re bougie"},"content":{"rendered":"<p style=\"text-align: justify;\">Le Petit Mercado de Buenos Aires f\u00eate son premier anniversaire, dimanche 24 ao\u00fbt dans le magnifique b\u00e2timent de l\u2019Association des Anciens Combattants\u00a0!<\/p>\n<p style=\"text-align: justify;\">Si vous ne connaissez pas encore ce sympathique march\u00e9, c\u2019est l\u2019occasion de venir d\u00e9guster des recettes typiquement fran\u00e7aises : pain, viennoiseries, cr\u00eapes, macarons, fromage, charcuterie, b\u0153uf bourguignon, croque monsieur\u2026 Vous pourrez \u00e9galement go\u00fbter des sp\u00e9cialit\u00e9s plus exotiques venues d\u2019autres pays comme les arepas colombiennes ou le shawarma.<\/p>\n<p style=\"text-align: justify;\">Au programme de cette \u00e9dition anniversaire, un concert de musique tanguera par le groupe Derrotas Cadenas et un spectacle de danse de Maria Fernanda Rojas.<\/p>\n<p style=\"text-align: justify;\">Entre amis ou en famille, \u00e0 l\u2019heure du brunch, du go\u00fbter ou de l\u2019ap\u00e9ro, venez profiter de l\u2019ambiance conviviale du Petit Mercado et souffler avec lui sa premi\u00e8re bougie\u00a0!<\/p>\n<p><strong><a href=\"https:\/\/www.facebook.com\/pages\/Le-Petit-Mercado-de-Buenos-Aires\/606539796035178?sk=timeline\" target=\"_blank\" rel=\"noopener\">1 an du Petit Mercado<\/a><\/strong><\/p>\n<p>Dimanche 24 ao\u00fbt, de 12h \u00e0 18h30<\/p>\n<p>Entr\u00e9e : AR$10 \u00e0 la porte, AR$5 en\u00a0<a href=\"https:\/\/docs.google.com\/forms\/d\/1v-jQ2zVOVs9QdO3zAncVXsxX0BcgtpHs9VNTprByrfE\/viewform?edit_requested=true\" target=\"_blank\" rel=\"noopener\">s\u2019inscrivant \u00e0 l\u2019avance (juqu\u2019au 23 ao\u00fbt, \u00e0 21h) ici.<\/a><\/p>\n<p><a href=\"https:\/\/buenosairesconnect.com\/fr\/restaurant-anciens-combattants-constitucion\/\"><strong>Les Anciens Combattants<\/strong><\/a><\/p>\n<p>Santiago del Estero 1435 \u2013 Constituci\u00f3n<\/p>\n<p>Pour arriver : m\u00e9tro ligne E, station San Jos\u00e9 ou ligne C, station Constituci\u00f3n<\/p>\n<p>Bus : 4, 9, 12, 17, 28, 39, 45, 46, 53, 59, 60, 61, 62, 65, 67, 79, 84, 91, 96, 97, 98, 100, 102, 129, 133, 143, 148, 151, 168, 195.<\/p>\n<p>Possibilit\u00e9 de se garer tr\u00e8s facilement alentour.<\/p>\n","protected":false},"excerpt":{"rendered":"<p>Le Petit Mercado de Buenos Aires f\u00eate son premier anniversaire, dimanche 24 ao\u00fbt dans le magnifique b\u00e2timent de l\u2019Association des Anciens Combattants\u00a0! Si vous ne connaissez pas encore ce sympathique march\u00e9, c\u2019est l\u2019occasion de venir d\u00e9guster des recettes typiquement fran\u00e7aises : pain, viennoiseries, cr\u00eapes, macarons, fromage, charcuterie, b\u0153uf bourguignon, croque monsieur\u2026 Vous pourrez \u00e9galement go\u00fbter [&hellip;]<\/p>\n","protected":false},"author":26,"featured_media":65329,"comment_status":"closed","ping_status":"closed","sticky":false,"template":"","format":"standard","meta":{"footnotes":""},"categories":[2283],"tags":[],"coauthors":[1626],"class_list":["post-65318","post","type-post","status-publish","format-standard","has-post-thumbnail","category-evenements"],"_links":{"self":[{"href":"https:\/\/buenosairesconnect.com\/fr\/wp-json\/wp\/v2\/posts\/65318","targetHints":{"allow":["GET"]}}],"collection":[{"href":"https:\/\/buenosairesconnect.com\/fr\/wp-json\/wp\/v2\/posts"}],"about":[{"href":"https:\/\/buenosairesconnect.com\/fr\/wp-json\/wp\/v2\/types\/post"}],"author":[{"embeddable":true,"href":"https:\/\/buenosairesconnect.com\/fr\/wp-json\/wp\/v2\/users\/26"}],"replies":[{"embeddable":true,"href":"https:\/\/buenosairesconnect.com\/fr\/wp-json\/wp\/v2\/comments?post=65318"}],"version-history":[{"count":1,"href":"https:\/\/buenosairesconnect.com\/fr\/wp-json\/wp\/v2\/posts\/65318\/revisions"}],"predecessor-version":[{"id":153992,"href":"https:\/\/buenosairesconnect.com\/fr\/wp-json\/wp\/v2\/posts\/65318\/revisions\/153992"}],"wp:featuredmedia":[{"embeddable":true,"href":"https:\/\/buenosairesconnect.com\/fr\/wp-json\/wp\/v2\/media\/65329"}],"wp:attachment":[{"href":"https:\/\/buenosairesconnect.com\/fr\/wp-json\/wp\/v2\/media?parent=65318"}],"wp:term":[{"taxonomy":"category","embeddable":true,"href":"https:\/\/buenosairesconnect.com\/fr\/wp-json\/wp\/v2\/categories?post=65318"},{"taxonomy":"post_tag","embeddable":true,"href":"https:\/\/buenosairesconnect.com\/fr\/wp-json\/wp\/v2\/tags?post=65318"},{"taxonomy":"author","embeddable":true,"href":"https:\/\/buenosairesconnect.com\/fr\/wp-json\/wp\/v2\/coauthors?post=65318"}],"curies":[{"name":"wp","href":"https:\/\/api.w.org\/{rel}","templated":true}]}}