{"id":64966,"date":"2014-08-05T10:48:51","date_gmt":"2014-08-05T13:48:51","guid":{"rendered":"https:\/\/buenosairesconnect.com\/?p=64966"},"modified":"2025-04-07T10:43:38","modified_gmt":"2025-04-07T13:43:38","slug":"esquina-taki-bar-biere-rock-saavedra","status":"publish","type":"post","link":"https:\/\/buenosairesconnect.com\/fr\/esquina-taki-bar-biere-rock-saavedra\/","title":{"rendered":"Esquina Taki, le paradis de la bi\u00e8re"},"content":{"rendered":"<p style=\"text-align: justify;\">Lorsqu\u2019on entre \u00e0 l&rsquo;Esquina Taki, on se sent \u00e9trangement chez soi. Pas \u00e9vident au premier abord,\u00a0sachant que ce\u00a0bar se trouve au milieu du quartier r\u00e9sidentiel de Saavedra, tout au nord de la ville, et que l&rsquo;on est g\u00e9n\u00e9ralement\u00a0re\u00e7u par un barbu au look punk, tandis que r\u00e9sonne derri\u00e8re lui des classiques du\u00a0<a href=\"https:\/\/buenosairesconnect.com\/fr\/rock-nacional-les-premieres-heures-13\/\">rock nacional<\/a>. Mais qu&rsquo;est-ce qui nous s\u00e9duit alors dans ce lieu \u00e9trange ?<\/p>\n<p style=\"text-align: justify;\">Est-ce le doux\u00a0sourire que cache sous sa barbe ce curieux personnage ?\u00a0Est-ce la d\u00e9co r\u00e9tro-rock soigneusement imparfaite et d\u00e9cal\u00e9e, avec ses chaises color\u00e9es et affiches de films ind\u00e9pendants ? Ou bien est-ce l\u2019ambiance intime et d\u00e9contract\u00e9e avec la musique juste assez forte pour pouvoir savourer une bi\u00e8re en couple ou entre amis, et pouvoir discuter tranquillement ?<\/p>\n<p style=\"text-align: justify;\">Bref, \u00e0 l\u2019Esquina Taki, on se sent \u00e9trangement chez soi. On y va pour son large choix de bi\u00e8res artisanales, pour se rafra\u00eechir apr\u00e8s une balade dans le <a href=\"https:\/\/buenosairesconnect.com\/fr\/parque-saavedra-parc-sortie-weekend\/\">parc Saavedra<\/a>, ou tout simplement car il est parfois bon de sortir des sentiers battus et d\u00e9couvrir un nouveau quartier.<\/p>\n<p style=\"text-align: justify;\">Il y fait bon prendre une bi\u00e8re noire artisanale \u00e0 la pression, accompagn\u00e9e d\u2019une classique pizza, ou se laisser tenter par une soupe au\u00a0<em>quinoa<\/em> par temps froid. Par beau temps, installez-vous sur sa terrasse qui donne sur un charmant boulevard arbor\u00e9.<\/p>\n<p style=\"text-align: justify;\">Les mercredis, c\u2019est \u201cAcusTaki\u201d: musique live et <em>guiso de lenteja<\/em>\u00a0(rago\u00fbt de lentilles) pour se r\u00e9chauffer le corps et l&rsquo;\u00e2me au milieu d&rsquo;une client\u00e8le 100% argentine, et tellement accueillante !<\/p>\n<p><span style=\"color: #000000;\"><a title=\"Esquina Taki Facebook\" href=\"https:\/\/www.facebook.com\/esquina.taki\" target=\"_blank\" rel=\"noopener\"><span style=\"color: #000000;\"><strong>Esquina Taki<\/strong><\/span><\/a><\/span><\/p>\n<p>Av. Garcia del Rio 3033 &#8211; <a href=\"https:\/\/buenosairesconnect.com\/fr\/saavedra-quartier-parc\/\">Saavedra<\/a><\/p>\n<p>Tous les jours de 19h \u00e0 minuit.<\/p>\n<p>Prix : $<\/p>\n","protected":false},"excerpt":{"rendered":"<p>Lorsqu\u2019on entre \u00e0 l&rsquo;Esquina Taki, on se sent \u00e9trangement chez soi. Pas \u00e9vident au premier abord,\u00a0sachant que ce\u00a0bar se trouve au milieu du quartier r\u00e9sidentiel de Saavedra, tout au nord de la ville, et que l&rsquo;on est g\u00e9n\u00e9ralement\u00a0re\u00e7u par un barbu au look punk, tandis que r\u00e9sonne derri\u00e8re lui des classiques du\u00a0rock nacional. Mais qu&rsquo;est-ce [&hellip;]<\/p>\n","protected":false},"author":77,"featured_media":64967,"comment_status":"closed","ping_status":"closed","sticky":false,"template":"","format":"standard","meta":{"footnotes":""},"categories":[1038,5280,5091],"tags":[],"coauthors":[3490],"class_list":["post-64966","post","type-post","status-publish","format-standard","has-post-thumbnail","category-bar-sortir-a-buenos-aires","category-sortir","category-nunez-quartier"],"_links":{"self":[{"href":"https:\/\/buenosairesconnect.com\/fr\/wp-json\/wp\/v2\/posts\/64966","targetHints":{"allow":["GET"]}}],"collection":[{"href":"https:\/\/buenosairesconnect.com\/fr\/wp-json\/wp\/v2\/posts"}],"about":[{"href":"https:\/\/buenosairesconnect.com\/fr\/wp-json\/wp\/v2\/types\/post"}],"author":[{"embeddable":true,"href":"https:\/\/buenosairesconnect.com\/fr\/wp-json\/wp\/v2\/users\/77"}],"replies":[{"embeddable":true,"href":"https:\/\/buenosairesconnect.com\/fr\/wp-json\/wp\/v2\/comments?post=64966"}],"version-history":[{"count":2,"href":"https:\/\/buenosairesconnect.com\/fr\/wp-json\/wp\/v2\/posts\/64966\/revisions"}],"predecessor-version":[{"id":148231,"href":"https:\/\/buenosairesconnect.com\/fr\/wp-json\/wp\/v2\/posts\/64966\/revisions\/148231"}],"wp:featuredmedia":[{"embeddable":true,"href":"https:\/\/buenosairesconnect.com\/fr\/wp-json\/wp\/v2\/media\/64967"}],"wp:attachment":[{"href":"https:\/\/buenosairesconnect.com\/fr\/wp-json\/wp\/v2\/media?parent=64966"}],"wp:term":[{"taxonomy":"category","embeddable":true,"href":"https:\/\/buenosairesconnect.com\/fr\/wp-json\/wp\/v2\/categories?post=64966"},{"taxonomy":"post_tag","embeddable":true,"href":"https:\/\/buenosairesconnect.com\/fr\/wp-json\/wp\/v2\/tags?post=64966"},{"taxonomy":"author","embeddable":true,"href":"https:\/\/buenosairesconnect.com\/fr\/wp-json\/wp\/v2\/coauthors?post=64966"}],"curies":[{"name":"wp","href":"https:\/\/api.w.org\/{rel}","templated":true}]}}