{"id":64719,"date":"2018-07-30T11:05:22","date_gmt":"2018-07-30T14:05:22","guid":{"rendered":"https:\/\/buenosairesconnect.com\/?p=64719"},"modified":"2025-10-27T12:35:54","modified_gmt":"2025-10-27T15:35:54","slug":"musee-malouines-museo-malvinas-guerre-ex-esma","status":"publish","type":"post","link":"https:\/\/buenosairesconnect.com\/fr\/musee-malouines-museo-malvinas-guerre-ex-esma\/","title":{"rendered":"Mus\u00e9e des Malouines, voyage au bout du monde"},"content":{"rendered":"<p style=\"text-align: justify;\">Pass\u00e9 le d\u00e9dale des b\u00e2timents pr\u00e9sents dans l&rsquo;enceinte de <a href=\"https:\/\/buenosairesconnect.com\/fr\/esma-la-memoire-a-nue-2\/\">l&rsquo;ex-ESMA<\/a>, vous tomberez sur le Museo de Malvinas. Ouvert en juin 2014, l&rsquo;\u00e9difice flambant neuf mi-verre, mi-b\u00e9ton s&rsquo;\u00e9l\u00e8ve aux pieds des visiteurs.<\/p>\n<p style=\"text-align: justify;\">Il n&rsquo;est pas question que de guerre des Malouines dans ce mus\u00e9e, au contraire, l&rsquo;id\u00e9e est d&rsquo;explorer cet archipel m\u00e9connu de 3000 habitants -ainsi que d&rsquo;autres \u00eeles de l&rsquo;Atlantique sud- son histoire, sa faune, sa flore et de tr\u00e8s clairement renforcer l&rsquo;id\u00e9e de souverainet\u00e9 argentine sur ce confetti g\u00e9ographique.<\/p>\n<p style=\"text-align: justify;\">Ce mus\u00e9e ultra-moderne d\u00e9voile donc sur trois niveaux l&rsquo;histoire de ces \u00eeles \u00e9loign\u00e9es de pr\u00e8s de 500km des c\u00f4t\u00e9s de la Patagonie argentine.<\/p>\n<p style=\"text-align: justify;\">On aime le cercle chronologique au rez-de-chauss\u00e9e qui nous permet d&rsquo;appr\u00e9hender enfin l&rsquo;histoire de ces fameuses Malouines, depuis leur d\u00e9couverte jusqu&rsquo;\u00e0 leur situation g\u00e9opolitique actuelle.<\/p>\n<p style=\"text-align: justify;\">Vous d\u00e9couvrirez au deuxi\u00e8me \u00e9tage les lettres que les enfants des \u00e9coles publiques de tout le pays \u00e9crivaient pour les soldats envoy\u00e9s au front en 1982, ainsi que des coupures de presse et autres unes de journaux de l&rsquo;\u00e9poque, assez peu clairvoyantes sur l&rsquo;issu des combats. Vous comprendrez \u00e9galement pourquoi la guerre des Malouines a \u00e9t\u00e9 voulue par la dictature argentine, et en quoi elle lui a \u00e9t\u00e9 fatale.<\/p>\n<p style=\"text-align: justify;\">Ne manquez pas de passer sur la passerelle int\u00e9rieure longeant l&rsquo;immense baie vitr\u00e9e depuis laquelle on peut observer une r\u00e9plique des \u00eeles en l\u00e9ger relief dans un fond d&rsquo;eau, ainsi que la silhouette du ARA \u00ab\u00a0General Belgrano\u00a0\u00bb, un navire coul\u00e9 par les forces britanniques.<\/p>\n<p style=\"text-align: justify;\">C&rsquo;est \u00e9galement \u00e0 cet \u00e9tage que que l&rsquo;on peut profiter de grandes tables instructives \u00e0 \u00e9cran tactile, pour d\u00e9couvrir par exemple quels autres territoires sont dans la m\u00eame situation de \u00ab\u00a0colonisation moderne\u00a0\u00bb que les Malouines.<\/p>\n<p style=\"text-align: justify;\">Un peu comme pour le superbe <a href=\"https:\/\/buenosairesconnect.com\/fr\/musee-du-bicentenaire-casa-rosada\/\">Mus\u00e9e du Bicentenario<\/a>, on regrette parfois le manque de l\u00e9gendes \u00e0 c\u00f4t\u00e9 de certains objets, mais de nombreux guides et personnels sont pr\u00e9sents pour \u00e9clairer notre lanterne.<\/p>\n<p style=\"text-align: justify;\">\u00c9videmment, tant que vous \u00eates dans l&rsquo;enceinte, vous pouvez \u00e9galement d\u00e9couvrir une autre page douloureuse de l&rsquo;histoire argentine en faisant une visite guid\u00e9e de <a href=\"https:\/\/buenosairesconnect.com\/fr\/esma-la-memoire-a-nue-2\/\">l&rsquo;ex-ESMA<\/a> ou dans un registre bien plus l\u00e9ger, aller au <a href=\"https:\/\/buenosairesconnect.com\/fr\/musee-de-river-plate-un-siecle-de-passion\/\">Mus\u00e9e de River Plate<\/a> tout proche.<\/p>\n<p><a href=\"https:\/\/museomalvinas.cultura.gob.ar\/\" target=\"_blank\" rel=\"noopener\"><em>Museo Malvinas e Islas del Atlantico Sur<\/em><\/a><br \/>\n<em>Av. del Libertador 8151 &#8211; <a href=\"https:\/\/buenosairesconnect.com\/fr\/nunez-barrio-belgrano-river-esma\/\">Nu\u00f1ez<\/a><\/em><br \/>\n<em>Espacio Memoria y Derechos Humanos<\/em><br \/>\n<em>Tel : 5280-0750<\/em><br \/>\n<em>De mercredi \u00e0 dimanche et jours f\u00e9ri\u00e9s, de 10h \u00e0 18h<\/em><br \/>\n<em>Photo: Romina Santarelli \/ Ministerio de Cultura de la Naci\u00f3n<\/em><\/p>\n","protected":false},"excerpt":{"rendered":"<p>Pass\u00e9 le d\u00e9dale des b\u00e2timents pr\u00e9sents dans l&rsquo;enceinte de l&rsquo;ex-ESMA, vous tomberez sur le Museo de Malvinas. Ouvert en juin 2014, l&rsquo;\u00e9difice flambant neuf mi-verre, mi-b\u00e9ton s&rsquo;\u00e9l\u00e8ve aux pieds des visiteurs. Il n&rsquo;est pas question que de guerre des Malouines dans ce mus\u00e9e, au contraire, l&rsquo;id\u00e9e est d&rsquo;explorer cet archipel m\u00e9connu de 3000 habitants -ainsi [&hellip;]<\/p>\n","protected":false},"author":12,"featured_media":64770,"comment_status":"closed","ping_status":"closed","sticky":false,"template":"","format":"standard","meta":{"footnotes":""},"categories":[3562,2290,1070],"tags":[],"coauthors":[1398],"class_list":["post-64719","post","type-post","status-publish","format-standard","has-post-thumbnail","category-musee","category-se-cultiver","category-belgrano-quartier"],"_links":{"self":[{"href":"https:\/\/buenosairesconnect.com\/fr\/wp-json\/wp\/v2\/posts\/64719","targetHints":{"allow":["GET"]}}],"collection":[{"href":"https:\/\/buenosairesconnect.com\/fr\/wp-json\/wp\/v2\/posts"}],"about":[{"href":"https:\/\/buenosairesconnect.com\/fr\/wp-json\/wp\/v2\/types\/post"}],"author":[{"embeddable":true,"href":"https:\/\/buenosairesconnect.com\/fr\/wp-json\/wp\/v2\/users\/12"}],"replies":[{"embeddable":true,"href":"https:\/\/buenosairesconnect.com\/fr\/wp-json\/wp\/v2\/comments?post=64719"}],"version-history":[{"count":2,"href":"https:\/\/buenosairesconnect.com\/fr\/wp-json\/wp\/v2\/posts\/64719\/revisions"}],"predecessor-version":[{"id":153410,"href":"https:\/\/buenosairesconnect.com\/fr\/wp-json\/wp\/v2\/posts\/64719\/revisions\/153410"}],"wp:featuredmedia":[{"embeddable":true,"href":"https:\/\/buenosairesconnect.com\/fr\/wp-json\/wp\/v2\/media\/64770"}],"wp:attachment":[{"href":"https:\/\/buenosairesconnect.com\/fr\/wp-json\/wp\/v2\/media?parent=64719"}],"wp:term":[{"taxonomy":"category","embeddable":true,"href":"https:\/\/buenosairesconnect.com\/fr\/wp-json\/wp\/v2\/categories?post=64719"},{"taxonomy":"post_tag","embeddable":true,"href":"https:\/\/buenosairesconnect.com\/fr\/wp-json\/wp\/v2\/tags?post=64719"},{"taxonomy":"author","embeddable":true,"href":"https:\/\/buenosairesconnect.com\/fr\/wp-json\/wp\/v2\/coauthors?post=64719"}],"curies":[{"name":"wp","href":"https:\/\/api.w.org\/{rel}","templated":true}]}}