{"id":3037,"date":"2013-03-25T03:00:00","date_gmt":"2013-03-25T06:00:00","guid":{"rendered":"https:\/\/buenosairesconnect.com\/2013\/03\/25\/aeroparque-jorge-newbery-laeroport-version-locale\/"},"modified":"2025-09-11T10:42:49","modified_gmt":"2025-09-11T13:42:49","slug":"aeroparque-jorge-newbery-laeroport-version-locale","status":"publish","type":"post","link":"https:\/\/buenosairesconnect.com\/fr\/aeroparque-jorge-newbery-laeroport-version-locale\/","title":{"rendered":"Aeroparque (Jorge Newbery), l\u2019a\u00e9roport version locale"},"content":{"rendered":"<p style=\"text-align: justify;\">Si vous arrivez \u00e0 Buenos Aires depuis l\u2019Europe, vous atterrirez sans doute \u00e0 <a href=\"https:\/\/buenosairesconnect.com\/fr\/arriver-quitter-buenos-aires-ezeiza\/\">l\u2019a\u00e9roport international d\u2019Ezeiza<\/a> (officiellement Ministro Pistarini). Mais si vous partez \u00e0 Ushuaia, Salta, Iguazu ou dans un pays limitrophe (Uruguay, Br\u00e9sil, Chili et Paraguay), vous d\u00e9collerez sans doute d\u2019Aeroparque (appel\u00e9 officiellement Jorge Newbery).<\/p>\n<p style=\"text-align: justify;\">Situ\u00e9 \u00e0 deux pas du quartier de <a href=\"https:\/\/buenosairesconnect.com\/fr\/quartier-palermo\/\">Palermo<\/a> et \u00e0 une trentaine de kilom\u00e8tres de l\u2019a\u00e9roport d\u2019Ezeiza, l\u2019Aeroparque se trouve sur le long de la Costanera Norte. Mieux vaut, donc, si vous habitez ou logez dans la capitale, privil\u00e9giez cet a\u00e9roport (diminution des co\u00fbts de taxi et r\u00e9duction du temps de trajet et par cons\u00e9quent, des risques d&#8217;embouteillages prolong\u00e9s&#8230;). Depuis le <a href=\"https:\/\/buenosairesconnect.com\/fr\/le-microcentro-veritable-fourmiliere-au-coeur-de-la-cite-portena\/\">centre-ville<\/a>, les lignes de bus 33 et 45 vous d\u00e9poseront juste en face de l\u2019a\u00e9roport. La compagnie Manuel Tienda Leon propose le trajet entre Ezeiza et Aeroparque ou depuis (ou vers) Aeroparque vers le terminal de bus de <a href=\"https:\/\/buenosairesconnect.com\/fr\/puerto-madero-le-petit-dernier-de-la-famille-portena\/\">Puerto Madero<\/a>.<\/p>\n<p style=\"text-align: justify;\">Pour consulter les horaires des vols du jour, rendez-vous sur le site <a href=\"http:\/\/www.aa2000.com.ar\/\" target=\"_blank\" rel=\"noopener\">AA2000<\/a>.<\/p>\n<p><strong>A\u00e9roport Jorge Newberry (Aeroparque)<\/strong><br \/>\nAv. Costanera R. Obligado &#8211; <a href=\"https:\/\/buenosairesconnect.com\/fr\/quartier-palermo\/\">Palermo<\/a><\/p>\n<p><span style=\"color: #333333;\">Tel\u00a0: 5480-6111<\/span><\/p>\n<p>Lignes qui passent devant l\u2019a\u00e9roport\u00a0: 33, 37, 45, 160<br \/>\n<a href=\"http:\/\/www.tiendaleon.com.ar\/home\/home.asp\" target=\"_blank\" rel=\"noopener\">Manuel Tienda Leon<\/a> : 0810-888-5366 \/ 4314-3636 \/ 4315-5115<\/p>\n","protected":false},"excerpt":{"rendered":"<p>Si vous arrivez \u00e0 Buenos Aires depuis l\u2019Europe, vous atterrirez sans doute \u00e0 l\u2019a\u00e9roport international d\u2019Ezeiza (officiellement Ministro Pistarini). Mais si vous partez \u00e0 Ushuaia, Salta, Iguazu ou dans un pays limitrophe (Uruguay, Br\u00e9sil, Chili et Paraguay), vous d\u00e9collerez sans doute d\u2019Aeroparque (appel\u00e9 officiellement Jorge Newbery). Situ\u00e9 \u00e0 deux pas du quartier de Palermo et [&hellip;]<\/p>\n","protected":false},"author":3,"featured_media":3036,"comment_status":"closed","ping_status":"closed","sticky":false,"template":"","format":"standard","meta":{"footnotes":""},"categories":[1057,2416,1081],"tags":[],"coauthors":[1400],"class_list":["post-3037","post","type-post","status-publish","format-standard","has-post-thumbnail","category-transport","category-vivre-a-buenos-aires","category-palermo-quartier"],"_links":{"self":[{"href":"https:\/\/buenosairesconnect.com\/fr\/wp-json\/wp\/v2\/posts\/3037","targetHints":{"allow":["GET"]}}],"collection":[{"href":"https:\/\/buenosairesconnect.com\/fr\/wp-json\/wp\/v2\/posts"}],"about":[{"href":"https:\/\/buenosairesconnect.com\/fr\/wp-json\/wp\/v2\/types\/post"}],"author":[{"embeddable":true,"href":"https:\/\/buenosairesconnect.com\/fr\/wp-json\/wp\/v2\/users\/3"}],"replies":[{"embeddable":true,"href":"https:\/\/buenosairesconnect.com\/fr\/wp-json\/wp\/v2\/comments?post=3037"}],"version-history":[{"count":2,"href":"https:\/\/buenosairesconnect.com\/fr\/wp-json\/wp\/v2\/posts\/3037\/revisions"}],"predecessor-version":[{"id":152025,"href":"https:\/\/buenosairesconnect.com\/fr\/wp-json\/wp\/v2\/posts\/3037\/revisions\/152025"}],"wp:featuredmedia":[{"embeddable":true,"href":"https:\/\/buenosairesconnect.com\/fr\/wp-json\/wp\/v2\/media\/3036"}],"wp:attachment":[{"href":"https:\/\/buenosairesconnect.com\/fr\/wp-json\/wp\/v2\/media?parent=3037"}],"wp:term":[{"taxonomy":"category","embeddable":true,"href":"https:\/\/buenosairesconnect.com\/fr\/wp-json\/wp\/v2\/categories?post=3037"},{"taxonomy":"post_tag","embeddable":true,"href":"https:\/\/buenosairesconnect.com\/fr\/wp-json\/wp\/v2\/tags?post=3037"},{"taxonomy":"author","embeddable":true,"href":"https:\/\/buenosairesconnect.com\/fr\/wp-json\/wp\/v2\/coauthors?post=3037"}],"curies":[{"name":"wp","href":"https:\/\/api.w.org\/{rel}","templated":true}]}}