{"id":280,"date":"2013-11-05T00:00:01","date_gmt":"2013-11-05T03:00:01","guid":{"rendered":"https:\/\/buenosairesconnect.com\/2010\/07\/23\/el-banderin-vivez-le-foot-a-almagro-2\/"},"modified":"2025-03-28T11:51:08","modified_gmt":"2025-03-28T14:51:08","slug":"el-banderin-vivez-le-foot-a-almagro-2","status":"publish","type":"post","link":"https:\/\/buenosairesconnect.com\/fr\/el-banderin-vivez-le-foot-a-almagro-2\/","title":{"rendered":"El Bander\u00edn, bistro mythique des amateurs de foot"},"content":{"rendered":"<p style=\"text-align: justify;\">El Bander\u00edn\u00a0est un petit caf\u00e9 notable, ouvert depuis 1923, frequent\u00e9 essentiellement par les habitu\u00e9s du quartier. Le lieu porte les couleurs des clubs de foot du monde entier\u2026 On a compt\u00e9 380 \u00ab\u00a0<em>banderines<\/em>\u00a0\u00bb (les petits\u00a0fanions triangulaires aux couleurs d\u2019un club).<\/p>\n<p style=\"text-align: justify;\">Don Mario, le propri\u00e9taire des lieux, est compl\u00e8tement mythique ! La soixantaine bien entam\u00e9e, \u00ab\u00a0<em>chamuyero<\/em>\u00a0\u00bb (baratineur) dans toute sa splendeur, il vous racontera les histoires croustillantes du quartier, avec, \u00e9videmment,\u00a0le football en toile de fond.<\/p>\n<p style=\"text-align: justify;\">D\u2019ailleurs, le lundi soir, les journalistes de la radio Belgrano (AM 950) se r\u00e9unissent au Bander\u00edn\u00a0pour revenir sur les matches du week-end.<\/p>\n<p style=\"text-align: justify;\">C\u00f4t\u00e9 menu, on y vient surtout pour picorer, dans une ambiance de bar de quartier.<\/p>\n<p style=\"text-align: justify;\">Pour ceux qui veulent continuer \u00e0 festoyer longtemps apr\u00e8s la fermeture, <a href=\"https:\/\/buenosairesconnect.com\/fr\/almagro-casona-humahuaca\/\">La Casona Humahuaca<\/a> est \u00e0 deux pas.<\/p>\n<p><em><a href=\"http:\/\/elbanderin.com.ar\/\" target=\"_blank\" rel=\"noopener\"><strong>El\u00a0Bander\u00edn<\/strong><\/a><\/em><br \/>\n<em>Guardia Vieja 3601 &#8211;\u00a0<a href=\"https:\/\/buenosairesconnect.com\/fr\/almagro-lebullition-culturelle\/\">Almagro<\/a><\/em><br \/>\n<em>Tel\u00a0: 4862-7757<\/em><br \/>\n<em>De lundi \u00e0 vendredi de 9h jusqu\u2019\u00e0 la fermeture (g\u00e9n\u00e9ralement entre 22h et minuit)<\/em><br \/>\n<em>Ferm\u00e9 le week end (Mario\u00a0sale a pasear\u00a0\ud83d\ude09<\/em><br \/>\n<em>Prix : $<\/em><\/p>\n","protected":false},"excerpt":{"rendered":"<p>El Bander\u00edn\u00a0est un petit caf\u00e9 notable, ouvert depuis 1923, frequent\u00e9 essentiellement par les habitu\u00e9s du quartier. Le lieu porte les couleurs des clubs de foot du monde entier\u2026 On a compt\u00e9 380 \u00ab\u00a0banderines\u00a0\u00bb (les petits\u00a0fanions triangulaires aux couleurs d\u2019un club). Don Mario, le propri\u00e9taire des lieux, est compl\u00e8tement mythique ! La soixantaine bien entam\u00e9e, \u00ab\u00a0chamuyero\u00a0\u00bb [&hellip;]<\/p>\n","protected":false},"author":24,"featured_media":65,"comment_status":"closed","ping_status":"closed","sticky":false,"template":"","format":"standard","meta":{"footnotes":""},"categories":[1038,1068,5086,5280],"tags":[],"coauthors":[1427],"class_list":["post-280","post","type-post","status-publish","format-standard","has-post-thumbnail","category-bar-sortir-a-buenos-aires","category-almagro-quartier","category-manger-fr","category-sortir"],"_links":{"self":[{"href":"https:\/\/buenosairesconnect.com\/fr\/wp-json\/wp\/v2\/posts\/280","targetHints":{"allow":["GET"]}}],"collection":[{"href":"https:\/\/buenosairesconnect.com\/fr\/wp-json\/wp\/v2\/posts"}],"about":[{"href":"https:\/\/buenosairesconnect.com\/fr\/wp-json\/wp\/v2\/types\/post"}],"author":[{"embeddable":true,"href":"https:\/\/buenosairesconnect.com\/fr\/wp-json\/wp\/v2\/users\/24"}],"replies":[{"embeddable":true,"href":"https:\/\/buenosairesconnect.com\/fr\/wp-json\/wp\/v2\/comments?post=280"}],"version-history":[{"count":2,"href":"https:\/\/buenosairesconnect.com\/fr\/wp-json\/wp\/v2\/posts\/280\/revisions"}],"predecessor-version":[{"id":147858,"href":"https:\/\/buenosairesconnect.com\/fr\/wp-json\/wp\/v2\/posts\/280\/revisions\/147858"}],"wp:featuredmedia":[{"embeddable":true,"href":"https:\/\/buenosairesconnect.com\/fr\/wp-json\/wp\/v2\/media\/65"}],"wp:attachment":[{"href":"https:\/\/buenosairesconnect.com\/fr\/wp-json\/wp\/v2\/media?parent=280"}],"wp:term":[{"taxonomy":"category","embeddable":true,"href":"https:\/\/buenosairesconnect.com\/fr\/wp-json\/wp\/v2\/categories?post=280"},{"taxonomy":"post_tag","embeddable":true,"href":"https:\/\/buenosairesconnect.com\/fr\/wp-json\/wp\/v2\/tags?post=280"},{"taxonomy":"author","embeddable":true,"href":"https:\/\/buenosairesconnect.com\/fr\/wp-json\/wp\/v2\/coauthors?post=280"}],"curies":[{"name":"wp","href":"https:\/\/api.w.org\/{rel}","templated":true}]}}