{"id":22716,"date":"2014-02-19T16:00:14","date_gmt":"2014-02-19T19:00:14","guid":{"rendered":"https:\/\/buenosairesconnect.com\/?p=22716"},"modified":"2025-11-20T11:28:03","modified_gmt":"2025-11-20T14:28:03","slug":"quatrieme-edition-petit-marche-buenos-aires","status":"publish","type":"post","link":"https:\/\/buenosairesconnect.com\/fr\/quatrieme-edition-petit-marche-buenos-aires\/","title":{"rendered":"4\u00e8 \u00e9dition du Petit March\u00e9, c&rsquo;est la rentr\u00e9e !"},"content":{"rendered":"<p style=\"text-align: justify;\"><a href=\"https:\/\/www.facebook.com\/events\/1404956789759859\" target=\"_blank\" rel=\"noopener\">Le Petit March\u00e9 de Buenos Aires<\/a> est de retour dans le superbe espace de l\u2019Association des Anciens Combattants pour sa quatri\u00e8me \u00e9dition, le dimanche 23 f\u00e9vrier !<\/p>\n<p style=\"text-align: justify;\">Vous pourrez d\u00e9jeuner, <em>bruncher<\/em>, go\u00fbter et faire vos emplettes de produits gastronomiques et d\u2019artisanat.<\/p>\n<p style=\"text-align: justify;\">Venez d\u00e9guster cr\u00eapes, rillettes, cannel\u00e9s, croque-monsieur, macarons ou encore \u00e9clairs.<\/p>\n<p style=\"text-align: justify;\">Vous pourrez \u00e9galement vous laisser tenter par des sp\u00e9cialit\u00e9s du monde entier : arepas, shawarmas, empanadas gourmets et parrilla v\u00e9g\u00e9tarienne.<\/p>\n<p style=\"text-align: justify;\">Un large patio ombrag\u00e9 vous accueillera pour partager une bi\u00e8re artisanale, un verre de vin, un jus de fruit frais ou un rafra\u00eechissant th\u00e9 glac\u00e9.<\/p>\n<p style=\"text-align: justify;\">Tout sera r\u00e9uni pour profiter d\u2019un moment plein de bonne humeur, en famille ou entre amis. Alors, venez nombreux !<\/p>\n<p style=\"text-align: justify;\">\u00c0 tr\u00e8s vite,<br \/>\nMonsieur et Madame Petit March\u00e9<\/p>\n<p><a href=\"https:\/\/www.facebook.com\/events\/1404956789759859\" target=\"_blank\" rel=\"noopener\"><strong>Quatri\u00e8me \u00e9dition du Petit March\u00e9<\/strong><\/a><\/p>\n<p>Dimanche 23 de f\u00e9vrier, de 12h \u00e0 18h30<\/p>\n<address style=\"text-align: justify;\">Entr\u00e9e : AR$10 \u00e0 la porte, AR$5 en s&rsquo;inscrivant \u00e0 l&rsquo;avance (juqu&rsquo;au 22 f\u00e9vrier, \u00e0 21h) <a href=\"https:\/\/docs.google.com\/forms\/d\/1Hr7J7ZoMDLdd3qCN5qUxte8xfHOottNoQz0dLxDv08w\/edit\" target=\"_blank\" rel=\"noopener\">ici<\/a>.<\/p>\n<address style=\"text-align: justify;\">\n<address style=\"text-align: justify;\"><a href=\"https:\/\/buenosairesconnect.com\/fr\/restaurant-anciens-combattants-constitucion\/\"><strong>Les Anciens Combattants<\/strong><\/a><\/p>\n<address style=\"text-align: justify;\">Santiago del Estero 1435 &#8211; Constituci\u00f3n<\/p>\n<address style=\"text-align: justify;\">Pour arriver : m\u00e9tro ligne E, station San Jos\u00e9 ou ligne C, station Constituci\u00f3n<\/p>\n<address style=\"text-align: justify;\">Bus : 4, 9, 12, 17, 28, 39, 45, 46, 53, 59, 60, 61, 62, 65, 67, 79, 84, 91, 96, 97, 98, 100, 102, 129, 133, 143, 148, 151, 168, 195.<\/p>\n<address style=\"text-align: justify;\">Possibilit\u00e9 de se garer tr\u00e8s facilement alentour.<\/p>\n<address style=\"text-align: justify;\">\n<address style=\"text-align: justify;\">\n<address style=\"text-align: justify;\">\u00a0<\/address>\n<\/address>\n<\/address>\n<\/address>\n<\/address>\n<\/address>\n<\/address>\n<\/address>\n<\/address>\n<\/address>\n","protected":false},"excerpt":{"rendered":"<p>Le Petit March\u00e9 de Buenos Aires est de retour dans le superbe espace de l\u2019Association des Anciens Combattants pour sa quatri\u00e8me \u00e9dition, le dimanche 23 f\u00e9vrier ! Vous pourrez d\u00e9jeuner, bruncher, go\u00fbter et faire vos emplettes de produits gastronomiques et d\u2019artisanat. Venez d\u00e9guster cr\u00eapes, rillettes, cannel\u00e9s, croque-monsieur, macarons ou encore \u00e9clairs. Vous pourrez \u00e9galement vous [&hellip;]<\/p>\n","protected":false},"author":26,"featured_media":22717,"comment_status":"closed","ping_status":"closed","sticky":false,"template":"","format":"standard","meta":{"footnotes":""},"categories":[2283,1],"tags":[],"coauthors":[1626],"class_list":["post-22716","post","type-post","status-publish","format-standard","has-post-thumbnail","category-evenements","category-uncategorized"],"_links":{"self":[{"href":"https:\/\/buenosairesconnect.com\/fr\/wp-json\/wp\/v2\/posts\/22716","targetHints":{"allow":["GET"]}}],"collection":[{"href":"https:\/\/buenosairesconnect.com\/fr\/wp-json\/wp\/v2\/posts"}],"about":[{"href":"https:\/\/buenosairesconnect.com\/fr\/wp-json\/wp\/v2\/types\/post"}],"author":[{"embeddable":true,"href":"https:\/\/buenosairesconnect.com\/fr\/wp-json\/wp\/v2\/users\/26"}],"replies":[{"embeddable":true,"href":"https:\/\/buenosairesconnect.com\/fr\/wp-json\/wp\/v2\/comments?post=22716"}],"version-history":[{"count":1,"href":"https:\/\/buenosairesconnect.com\/fr\/wp-json\/wp\/v2\/posts\/22716\/revisions"}],"predecessor-version":[{"id":154143,"href":"https:\/\/buenosairesconnect.com\/fr\/wp-json\/wp\/v2\/posts\/22716\/revisions\/154143"}],"wp:featuredmedia":[{"embeddable":true,"href":"https:\/\/buenosairesconnect.com\/fr\/wp-json\/wp\/v2\/media\/22717"}],"wp:attachment":[{"href":"https:\/\/buenosairesconnect.com\/fr\/wp-json\/wp\/v2\/media?parent=22716"}],"wp:term":[{"taxonomy":"category","embeddable":true,"href":"https:\/\/buenosairesconnect.com\/fr\/wp-json\/wp\/v2\/categories?post=22716"},{"taxonomy":"post_tag","embeddable":true,"href":"https:\/\/buenosairesconnect.com\/fr\/wp-json\/wp\/v2\/tags?post=22716"},{"taxonomy":"author","embeddable":true,"href":"https:\/\/buenosairesconnect.com\/fr\/wp-json\/wp\/v2\/coauthors?post=22716"}],"curies":[{"name":"wp","href":"https:\/\/api.w.org\/{rel}","templated":true}]}}