{"id":18068,"date":"2026-08-13T08:59:34","date_gmt":"2026-08-13T11:59:34","guid":{"rendered":"https:\/\/buenosairesconnect.com\/?p=18068"},"modified":"2026-07-21T12:35:02","modified_gmt":"2026-07-21T15:35:02","slug":"cathedrale-buenos-aires-derniere-demeure-san-martin","status":"publish","type":"post","link":"https:\/\/buenosairesconnect.com\/fr\/cathedrale-buenos-aires-derniere-demeure-san-martin\/","title":{"rendered":"La Cath\u00e9drale de Buenos Aires, derni\u00e8re demeure de San Martin"},"content":{"rendered":"<p style=\"text-align: center;\"><em>\u00c0 deux pas de la Plaza de Mayo, la Cath\u00e9drale M\u00e9tropolitaine est une \u00e9tape incontournable pour qui souhaite d\u00e9couvrir le visage le plus historique et monumental de Buenos Aires. Parmi ses tr\u00e9sors : le mausol\u00e9e du G\u00e9n\u00e9ral San Mart\u00edn, lieu de p\u00e8lerinage chaque 17 ao\u00fbt.<\/em><\/p>\n<hr \/>\n<p style=\"text-align: justify;\">Tr\u00f4nant fi\u00e8rement sur la Plaza de Mayo, dans le <a href=\"https:\/\/buenosairesconnect.com\/fr\/le-microcentro-veritable-fourmiliere-au-coeur-de-la-cite-portena\/\">Microcentro<\/a>, l&rsquo;imposante Cath\u00e9drale M\u00e9tropolitaine de Buenos Aires, avec son allure de colossal temple grec, abrite en son sein la d\u00e9pouille du grand Lib\u00e9rateur de l&rsquo;Argentine et h\u00e9ros des ind\u00e9pendances sud-am\u00e9ricaines, le G\u00e9n\u00e9ral Jos\u00e9 de San Martin.<\/p>\n<h2><strong>La Cath\u00e9drale M\u00e9tropolitaine, c\u0153ur spirituel de Buenos Aires<\/strong><\/h2>\n<p style=\"text-align: justify;\">Ne manquez pas le flamboyant mausol\u00e9e d\u00e9di\u00e9 \u00e0 San Martin (sur votre droite), \u00e9difi\u00e9 en 1880. Toutes les deux heures, les deux soldats de garde r\u00e9publicaine sont relev\u00e9s, \u00ab fa\u00e7on Buckingham Palace \u00bb. Cet \u00e9difice de style n\u00e9oclassique a \u00e9t\u00e9 \u00e9labor\u00e9 dans sa forme d\u00e9finitive en 1692, m\u00eame si une partie de l&rsquo;\u00e9difice s&rsquo;effondra et d\u00fb \u00eatre restaur\u00e9e au XVIIIe si\u00e8cle. Inspir\u00e9e directement du Palais Bourbon de Paris (si\u00e8ge de l&rsquo;Assembl\u00e9e Nationale), auquel elle ressemble \u00e9tonnamment comme deux gouttes d&rsquo;eau, elle se visite tous les jours de la semaine \u00e0 11h.<\/p>\n<p style=\"text-align: justify;\">Au-del\u00e0 de sa valeur religieuse, la Cath\u00e9drale est aussi un v\u00e9ritable mus\u00e9e \u00e0 ciel ouvert : ses douze colonnes qui soutiennent le portique repr\u00e9sentent les douze ap\u00f4tres, et son int\u00e9rieur abrite fresques, mosa\u00efques et autels de diff\u00e9rentes \u00e9poques, t\u00e9moins de presque trois si\u00e8cles d&rsquo;histoire port\u00e8gne. Si vous \u00eates amateur d&rsquo;architecture, portez attention \u00e0 la coupole centrale et aux d\u00e9tails n\u00e9oclassiques qui font \u00e9cho au style des autres b\u00e2timents embl\u00e9matiques de la Plaza de Mayo.<\/p>\n<h2><strong>Le mausol\u00e9e du G\u00e9n\u00e9ral San Mart\u00edn<\/strong><\/h2>\n<p style=\"text-align: justify;\">Le mausol\u00e9e, taill\u00e9 dans le marbre et le bronze, est l&rsquo;\u0153uvre du sculpteur fran\u00e7ais Albert-Ernest Carrier-Belleuse et repr\u00e9sente trois figures f\u00e9minines symbolisant l&rsquo;Argentine, le Chili et le P\u00e9rou, les trois pays lib\u00e9r\u00e9s par San Mart\u00edn lors de ses campagnes. Les Grenadiers \u00e0 Cheval, dans leurs uniformes historiques et sabre au clair, veillent sur les lieux avec une solennit\u00e9 qui m\u00e9rite d&rsquo;\u00eatre observ\u00e9e au moins une fois lors de votre passage dans la ville.<\/p>\n<h2><strong>\u00c0 voir pr\u00e8s de la Cath\u00e9drale (<a href=\"https:\/\/buenosairesconnect.com\/fr\/monserrat-quartier-buenos-aires\/\">quartier de Monserrat<\/a>)<\/strong><\/h2>\n<p style=\"text-align: justify;\">Si vous \u00eates d&rsquo;humeur \u00e0 vous immerger un peu plus dans l&rsquo;Histoire argentine, vous pouvez encha\u00eener par la visite du <a href=\"https:\/\/buenosairesconnect.com\/fr\/cabildo-vestige-lepoque-coloniale\/\">Cabildo<\/a> et de la <a href=\"https:\/\/buenosairesconnect.com\/fr\/casa-rosada-les-pas-presidents\/\">Casa Rosada<\/a>, tous deux sur la Plaza de Mayo.<\/p>\n<p style=\"text-align: justify;\">La Plaza de Mayo concentre en quelques m\u00e8tres carr\u00e9s plusieurs des b\u00e2timents les plus repr\u00e9sentatifs du pouvoir politique et religieux argentin, ce qui en fait un point de d\u00e9part id\u00e9al pour d\u00e9couvrir \u00e0 pied le centre historique port\u00e8gne. De l\u00e0, vous pouvez poursuivre vers la rue pi\u00e9tonne Florida ou vous aventurer dans les ruelles du casco hist\u00f3rico pour compl\u00e9ter la balade.<\/p>\n<h2><strong>Conseils pratiques pour votre visite<\/strong><\/h2>\n<p style=\"text-align: justify;\">La meilleure fa\u00e7on de vous y rendre est en transport en commun : plusieurs lignes de bus et de m\u00e9tro (Ligne A et Ligne D, station Catedral) d\u00e9posent \u00e0 quelques m\u00e8tres de la Plaza de Mayo. Si vous pr\u00e9f\u00e9rez vous d\u00e9placer \u00e0 v\u00e9lo, vous pouvez \u00e9galement rejoindre les lieux en EcoBici, des stations se trouvant \u00e0 proximit\u00e9 du Microcentro.<\/p>\n<p style=\"text-align: justify;\">Nous vous conseillons d&rsquo;arriver quelques minutes avant 11h pour vous assurer une bonne place et assister \u00e0 la visite guid\u00e9e d\u00e8s le d\u00e9but, ainsi qu&rsquo;\u00e0 la rel\u00e8ve de la garde devant le mausol\u00e9e. \u00c9vitez les heures de pointe de la mi-journ\u00e9e si vous souhaitez prendre des photos avec moins de monde, et gardez \u00e0 l&rsquo;esprit que, s&rsquo;agissant d&rsquo;un lieu de culte actif, le silence et le respect sont de mise pendant les messes.<\/p>\n<p style=\"text-align: justify;\">La Cath\u00e9drale dispose par ailleurs d&rsquo;un acc\u00e8s pour les personnes \u00e0 mobilit\u00e9 r\u00e9duite et se trouve \u00e0 quelques pas d&rsquo;autres points d&rsquo;int\u00e9r\u00eat du centre historique, comme le si\u00e8ge de la Banque Nationale d&rsquo;Argentine et la Manzana de las Luces. Nous vous conseillons de combiner la visite avec une promenade sur l&rsquo;Avenida de Mayo, o\u00f9 vous pourrez admirer l&rsquo;architecture du d\u00e9but du XXe si\u00e8cle qui caract\u00e9rise ce quartier de Buenos Aires.<\/p>\n<hr \/>\n<p><strong><em><a href=\"http:\/\/www.catedralbuenosaires.org.ar\/\" target=\"_blank\" rel=\"noopener noreferrer\">Cath\u00e9drale M\u00e9tropolitaine de Buenos Aires<\/a><\/em><\/strong><br \/>\n<em>Av. Rivadavia et San Martin (Plaza de Mayo) \u2013 <a href=\"https:\/\/buenosairesconnect.com\/fr\/le-microcentro-veritable-fourmiliere-au-coeur-de-la-cite-portena\/\">Centro<\/a><br \/>\nDe lundi \u00e0 vendredi de 7h30 \u00e0 18h30, samedi et dimanche de 9h \u00e0 18h45<\/em><br \/>\n<em>Visites du temple, de la crypte et de la sacristie : de lundi \u00e0 vendredi \u00e0 11h15<\/em><\/p>\n","protected":false},"excerpt":{"rendered":"<p>\u00c0 deux pas de la Plaza de Mayo, la Cath\u00e9drale M\u00e9tropolitaine est une \u00e9tape incontournable pour qui souhaite d\u00e9couvrir le visage le plus historique et monumental de Buenos Aires. Parmi ses tr\u00e9sors : le mausol\u00e9e du G\u00e9n\u00e9ral San Mart\u00edn, lieu de p\u00e8lerinage chaque 17 ao\u00fbt. Tr\u00f4nant fi\u00e8rement sur la Plaza de Mayo, dans le Microcentro, [&hellip;]<\/p>\n","protected":false},"author":3,"featured_media":99126,"comment_status":"closed","ping_status":"closed","sticky":false,"template":"","format":"standard","meta":{"footnotes":""},"categories":[2290,3562,2416,1062,1077],"tags":[],"coauthors":[1400],"class_list":["post-18068","post","type-post","status-publish","format-standard","has-post-thumbnail","category-se-cultiver","category-musee","category-vivre-a-buenos-aires","category-religion","category-centre-quartier"],"_links":{"self":[{"href":"https:\/\/buenosairesconnect.com\/fr\/wp-json\/wp\/v2\/posts\/18068","targetHints":{"allow":["GET"]}}],"collection":[{"href":"https:\/\/buenosairesconnect.com\/fr\/wp-json\/wp\/v2\/posts"}],"about":[{"href":"https:\/\/buenosairesconnect.com\/fr\/wp-json\/wp\/v2\/types\/post"}],"author":[{"embeddable":true,"href":"https:\/\/buenosairesconnect.com\/fr\/wp-json\/wp\/v2\/users\/3"}],"replies":[{"embeddable":true,"href":"https:\/\/buenosairesconnect.com\/fr\/wp-json\/wp\/v2\/comments?post=18068"}],"version-history":[{"count":4,"href":"https:\/\/buenosairesconnect.com\/fr\/wp-json\/wp\/v2\/posts\/18068\/revisions"}],"predecessor-version":[{"id":157511,"href":"https:\/\/buenosairesconnect.com\/fr\/wp-json\/wp\/v2\/posts\/18068\/revisions\/157511"}],"wp:featuredmedia":[{"embeddable":true,"href":"https:\/\/buenosairesconnect.com\/fr\/wp-json\/wp\/v2\/media\/99126"}],"wp:attachment":[{"href":"https:\/\/buenosairesconnect.com\/fr\/wp-json\/wp\/v2\/media?parent=18068"}],"wp:term":[{"taxonomy":"category","embeddable":true,"href":"https:\/\/buenosairesconnect.com\/fr\/wp-json\/wp\/v2\/categories?post=18068"},{"taxonomy":"post_tag","embeddable":true,"href":"https:\/\/buenosairesconnect.com\/fr\/wp-json\/wp\/v2\/tags?post=18068"},{"taxonomy":"author","embeddable":true,"href":"https:\/\/buenosairesconnect.com\/fr\/wp-json\/wp\/v2\/coauthors?post=18068"}],"curies":[{"name":"wp","href":"https:\/\/api.w.org\/{rel}","templated":true}]}}