{"id":147691,"date":"2025-04-04T17:30:09","date_gmt":"2025-04-04T20:30:09","guid":{"rendered":"https:\/\/buenosairesconnect.com\/?p=147691"},"modified":"2025-03-24T11:40:24","modified_gmt":"2025-03-24T14:40:24","slug":"musique-bresilienne-a-buenos-aires","status":"publish","type":"post","link":"https:\/\/buenosairesconnect.com\/fr\/musique-bresilienne-a-buenos-aires\/","title":{"rendered":"Musique br\u00e9silienne \u00e0 Buenos Aires : 10 options pour danser la samba toute la nuit"},"content":{"rendered":"<p class=\"\" style=\"text-align: center;\" data-start=\"194\" data-end=\"362\"><em>Forr\u00f3, samba de roda, samba de gafieira, funk, samba no p\u00e9, rythmes afro\u2026 Vous voulez danser sur de la <strong>musique br\u00e9silienne \u00e0 Buenos Aires<\/strong> ? Voici nos recommandations.<\/em><\/p>\n<hr \/>\n<p class=\"\" data-start=\"364\" data-end=\"731\">Si je vous propose d\u2019aller danser sur de la musique br\u00e9silienne \u00e0 Buenos Aires, \u00e0 quoi pensez-vous en premier ? Sans doute \u00e0 la samba. Tr\u00e8s bien, mais quel type de samba ? Samba de gafieira, samba no p\u00e9 ou bien une roda de samba ? Et si, au lieu de la samba, je vous invitais \u00e0 un <em>forr\u00f3<\/em> ? Ou \u00e0 une soir\u00e9e <em>funk carioca<\/em> ?<\/p>\n<p class=\"\" data-start=\"733\" data-end=\"1011\">Si vous aimez danser et que vous \u00eates passionn\u00e9 de <strong>musique br\u00e9silienne, Buenos Aires<\/strong> offre une infinit\u00e9 d\u2019options : bars, centres culturels, \u00e9coles de danse, f\u00eates\u2026 Voici quelques-uns de mes endroits pr\u00e9f\u00e9r\u00e9s, avec un aper\u00e7u des styles de danse br\u00e9siliens les plus populaires.<\/p>\n<h2 data-start=\"1013\" data-end=\"1068\"><strong data-start=\"1017\" data-end=\"1066\">Musique br\u00e9silienne \u00e0 Buenos Aires : le forr\u00f3<\/strong><\/h2>\n<p class=\"\" data-start=\"1070\" data-end=\"1405\">Originaire du nord-est du Br\u00e9sil, le <em>forr\u00f3<\/em> remonte aux bals populaires du <em>sert\u00e3o<\/em> du Pernambouc, \u00e0 la fin du XIXe si\u00e8cle. Il se danse en couple, et son rythme doux invite \u00e0 de longues heures de <em>chamego (*)<\/em> sur la piste. C\u2019est la danse traditionnelle des f\u00eates de S\u00e3o Jo\u00e3o, une c\u00e9l\u00e9bration tr\u00e8s populaire au Br\u00e9sil, qui a lieu en juin.<\/p>\n<ul data-start=\"1407\" data-end=\"2104\">\n<li class=\"\" data-start=\"1407\" data-end=\"1603\">\n<p class=\"\" data-start=\"1409\" data-end=\"1603\"><a href=\"https:\/\/www.instagram.com\/comunidadforrozeira\/\" target=\"_blank\" rel=\"noopener\"><strong data-start=\"1409\" data-end=\"1434\">Communaut\u00e9 Forrozeira<\/strong><\/a> : fond\u00e9 par Laura Ratier et Ima G\u00f3mez, ce groupe promeut le forr\u00f3 depuis 2009 \u00e0 travers des cours et des \u00e9v\u00e9nements avec <strong>musique br\u00e9silienne \u00e0 Buenos Aires<\/strong>.<\/p>\n<\/li>\n<li class=\"\" data-start=\"1604\" data-end=\"1854\">\n<p class=\"\" data-start=\"1606\" data-end=\"1854\"><a href=\"https:\/\/www.instagram.com\/forrocaprichoso\/\" target=\"_blank\" rel=\"noopener\"><strong data-start=\"1606\" data-end=\"1626\">Forr\u00f3 Caprichoso<\/strong><\/a> : m\u00eame format, avec cours suivi d\u2019une soir\u00e9e dansante, ce groupe se retrouve tous les vendredis dans le quartier de <a href=\"https:\/\/buenosairesconnect.com\/fr\/caballito-un-quartier-ou-il-fait-bon-vivre\/\">Caballito<\/a> pour profiter du forr\u00f3. L\u2019une des fondatrices, Emilia Fullone, propose aussi des cours particuliers.<\/p>\n<\/li>\n<li class=\"\" data-start=\"1855\" data-end=\"2104\">\n<p class=\"\" data-start=\"1857\" data-end=\"2104\"><a href=\"https:\/\/fiestajunina.com.ar\/\" target=\"_blank\" rel=\"noopener\"><strong data-start=\"1857\" data-end=\"1883\">F\u00eate Junina \u00e0 La Rural<\/strong><\/a> : l\u2019occasion id\u00e9ale de mettre en pratique ce que vous avez appris en cours ! Chaque ann\u00e9e en juin, le groupe <em data-start=\"1993\" data-end=\"2013\">Me leva que eu vou<\/em> organise une grande f\u00eate de S\u00e3o Jo\u00e3o avec musique, gastronomie et boissons br\u00e9siliennes.<\/p>\n<\/li>\n<\/ul>\n<h2 data-start=\"2106\" data-end=\"2151\"><strong data-start=\"2110\" data-end=\"2149\">O\u00f9 danser lors des rodas de samba ?<\/strong><\/h2>\n<p class=\"\" data-start=\"2153\" data-end=\"2278\">La <em data-start=\"2156\" data-end=\"2171\">samba de roda<\/em> est la forme la plus traditionnelle de la samba, bien diff\u00e9rente des sambas festives du <a href=\"https:\/\/buenosairesconnect.com\/fr\/le-carnaval-de-rio-une-religion\/\">carnaval de Rio<\/a>.<\/p>\n<p class=\"\" data-start=\"2280\" data-end=\"2621\">Ce style musical est n\u00e9 au XIXe si\u00e8cle, dans l\u2019\u00c9tat de Bahia, et associe des traditions afro-br\u00e9siliennes, la capoeira et des instruments tels que le pandeiro, le tambour, le berimbau et la guitare. Dans les rodas de samba, les participants chantent, jouent et dansent ensemble, cr\u00e9ant un moment unique et spontan\u00e9 d\u2019expression artistique.<\/p>\n<ul data-start=\"2623\" data-end=\"3162\">\n<li class=\"\" data-start=\"2623\" data-end=\"2941\">\n<p class=\"\" data-start=\"2625\" data-end=\"2941\"><a href=\"https:\/\/www.instagram.com\/espacio.pichuco\/\" target=\"_blank\" rel=\"noopener\"><strong data-start=\"2625\" data-end=\"2660\">Centro Cultural Espacio Pichuco<\/strong><\/a> : situ\u00e9 \u00e0 <a href=\"https:\/\/buenosairesconnect.com\/fr\/almagro-lebullition-culturelle\/\">Almagro<\/a>, ce centre culturel met \u00e0 l\u2019honneur les rythmes br\u00e9siliens. On y trouve des rodas de samba r\u00e9guli\u00e8res avec des groupes comme <em data-start=\"2804\" data-end=\"2836\">Mujeres Sambistas de Argentina<\/em>, <em data-start=\"2838\" data-end=\"2851\">Samba Chama<\/em> et <em data-start=\"2855\" data-end=\"2874\">Coisa de Mandinga<\/em>. Lieu id\u00e9al pour d\u00e9couvrir aussi la percussion afro-br\u00e9silienne.<\/p>\n<\/li>\n<li class=\"\" data-start=\"2942\" data-end=\"3162\">\n<p class=\"\" data-start=\"2944\" data-end=\"3162\"><a href=\"https:\/\/www.instagram.com\/nempla\/\" target=\"_blank\" rel=\"noopener\"><strong data-start=\"2944\" data-end=\"2954\">Nempla<\/strong><\/a> : ce bar du quartier de <a href=\"https:\/\/buenosairesconnect.com\/fr\/chacarita-en-pleine-renaissance\/\">Chacarita<\/a> accueille certaines des meilleures rodas de samba de Buenos Aires. L\u2019entr\u00e9e aux <em data-start=\"3069\" data-end=\"3087\">Noches de Brasil<\/em> est libre : il suffit d\u2019acheter une bi\u00e8re et de profiter de la musique !<\/p>\n<\/li>\n<\/ul>\n<h2 data-start=\"3164\" data-end=\"3206\"><strong data-start=\"3168\" data-end=\"3204\">Samba de gafieira et samba no p\u00e9<\/strong><\/h2>\n<p class=\"\" data-start=\"3208\" data-end=\"3400\">Un <em data-start=\"3211\" data-end=\"3221\">malandro<\/em> en costume blanc, chaussures brillantes et chapeau Panama : voici l\u2019arch\u00e9type du danseur de <em data-start=\"3314\" data-end=\"3333\">samba de gafieira<\/em>, une danse de salon n\u00e9e \u00e0 Rio de Janeiro au d\u00e9but du XXe si\u00e8cle.<\/p>\n<p class=\"\" data-start=\"3402\" data-end=\"3629\">Tout le monde conna\u00eet le <a href=\"https:\/\/buenosairesconnect.com\/fr\/tango-quartier-boca-europe\/\">tango argentin<\/a>, qui se danse en couple avec des pas et des codes bien d\u00e9finis. La <em data-start=\"3509\" data-end=\"3522\">samba no p\u00e9<\/em>, en revanche, est une danse improvis\u00e9e, qui se danse en solo et qui incarne l\u2019esprit du carnaval de Rio.<\/p>\n<ul data-start=\"3631\" data-end=\"4009\">\n<li class=\"\" data-start=\"3631\" data-end=\"3863\">\n<p class=\"\" data-start=\"3633\" data-end=\"3863\"><strong data-start=\"3633\" data-end=\"3658\">Samba en Buenos Aires<\/strong> : les danseurs Emilia Fullone et Patricio Borghi donnent des cours de samba de gafieira \u00e0 la Casa Loba Caballito. Une excellente opportunit\u00e9 pour d\u00e9couvrir cette danse br\u00e9silienne \u00e9l\u00e9gante et dynamique.<\/p>\n<\/li>\n<li class=\"\" data-start=\"3864\" data-end=\"4009\">\n<p class=\"\" data-start=\"3866\" data-end=\"4009\"><strong data-start=\"3866\" data-end=\"3881\">Samba no p\u00e9<\/strong> : pour ceux qui veulent briller au carnaval carioca, il est possible de prendre des cours avec Claudio Oliveira ou SamBaires.<\/p>\n<\/li>\n<\/ul>\n<h2 data-start=\"4011\" data-end=\"4100\"><strong data-start=\"4015\" data-end=\"4098\">Danser sur de la musique br\u00e9silienne \u00e0 Buenos Aires: d&rsquo;autres rythmes br\u00e9siliens<\/strong><\/h2>\n<p class=\"\" data-start=\"4102\" data-end=\"4260\">Au-del\u00e0 du forr\u00f3, des rodas de samba et de la samba de gafieira, d\u2019autres styles br\u00e9siliens sont \u00e0 d\u00e9couvrir dans les bars, clubs et f\u00eates de Buenos Aires :<\/p>\n<ul data-start=\"4262\" data-end=\"5077\">\n<li class=\"\" data-start=\"4262\" data-end=\"4417\">\n<p class=\"\" data-start=\"4264\" data-end=\"4417\"><strong data-start=\"4264\" data-end=\"4277\">Sertanejo<\/strong> : musique tr\u00e8s populaire au centre-sud du Br\u00e9sil, on peut l\u2019\u00e9couter dans des bars comme <em data-start=\"4366\" data-end=\"4374\">Ropvel<\/em> ou lors de concerts d\u2019artistes du genre.<\/p>\n<\/li>\n<li class=\"\" data-start=\"4418\" data-end=\"4601\">\n<p class=\"\" data-start=\"4420\" data-end=\"4601\"><strong data-start=\"4420\" data-end=\"4436\">Funk carioca<\/strong> : pour les amateurs de funk br\u00e9silien et d\u2019Anitta, le groupe <em data-start=\"4498\" data-end=\"4519\">Gaiola Producciones<\/em> organise des soir\u00e9es en mode <em data-start=\"4549\" data-end=\"4558\">boliche<\/em>, avec funk et autres rythmes br\u00e9siliens.<\/p>\n<\/li>\n<li class=\"\" data-start=\"4602\" data-end=\"4834\">\n<p class=\"\" data-start=\"4604\" data-end=\"4834\"><strong data-start=\"4604\" data-end=\"4631\">Rythmes afro-br\u00e9siliens<\/strong> : au <em data-start=\"4637\" data-end=\"4644\">GEMAA<\/em> (<em data-start=\"4646\" data-end=\"4715\">Grupo de Estudios en M\u00fasicas y Artes Afrobrasile\u00f1as en Buenos Aires<\/em>), on trouve des ateliers et \u00e9v\u00e9nements autour de la percussion, du candombl\u00e9 et d\u2019autres musiques afro-br\u00e9siliennes.<\/p>\n<\/li>\n<li class=\"\" data-start=\"4835\" data-end=\"5077\">\n<p class=\"\" data-start=\"4837\" data-end=\"5077\"><strong data-start=\"4837\" data-end=\"4858\">MPB et Bossa Nova<\/strong> : enfin, pour les amateurs de musique br\u00e9silienne plus douce, les clubs de jazz comme <em data-start=\"4945\" data-end=\"4958\">Jazz Voyeur<\/em>, <em data-start=\"4960\" data-end=\"4972\">Bebop Club<\/em> et <em data-start=\"4976\" data-end=\"4989\">Caf\u00e9 Berl\u00edn<\/em> proposent souvent des concerts de MPB (<em data-start=\"5029\" data-end=\"5056\">M\u00fasica Popular Brasileira<\/em>) et de Bossa Nova.<\/p>\n<\/li>\n<\/ul>\n<p class=\"\" data-start=\"5079\" data-end=\"5259\">Avec cette s\u00e9lection, j\u2019esp\u00e8re que vous pourrez danser sur de la musique br\u00e9silienne \u00e0 Buenos Aires et, qui sait, pr\u00e9parer votre prochain voyage au Br\u00e9sil !<\/p>\n<hr \/>\n<p class=\"\" data-start=\"5261\" data-end=\"5363\"><em>* <strong data-start=\"5264\" data-end=\"5275\">Chamego<\/strong> : affection, tendresse, intimit\u00e9<\/em><br data-start=\"5308\" data-end=\"5311\" \/><em>* <strong data-start=\"5314\" data-end=\"5326\">Malandro<\/strong> : filou, personnage rus\u00e9 et charmeur<\/em><\/p>\n","protected":false},"excerpt":{"rendered":"<p>Forr\u00f3, samba de roda, samba de gafieira, funk, samba no p\u00e9, rythmes afro\u2026 Vous voulez danser sur de la musique br\u00e9silienne \u00e0 Buenos Aires ? Voici nos recommandations. Si je vous propose d\u2019aller danser sur de la musique br\u00e9silienne \u00e0 Buenos Aires, \u00e0 quoi pensez-vous en premier ? Sans doute \u00e0 la samba. Tr\u00e8s bien, [&hellip;]<\/p>\n","protected":false},"author":165,"featured_media":147576,"comment_status":"closed","ping_status":"closed","sticky":false,"template":"","format":"standard","meta":{"footnotes":""},"categories":[1039,5280],"tags":[],"coauthors":[9617],"class_list":["post-147691","post","type-post","status-publish","format-standard","has-post-thumbnail","category-boite-de-nuit-sortir-a-buenos-aires","category-sortir"],"_links":{"self":[{"href":"https:\/\/buenosairesconnect.com\/fr\/wp-json\/wp\/v2\/posts\/147691","targetHints":{"allow":["GET"]}}],"collection":[{"href":"https:\/\/buenosairesconnect.com\/fr\/wp-json\/wp\/v2\/posts"}],"about":[{"href":"https:\/\/buenosairesconnect.com\/fr\/wp-json\/wp\/v2\/types\/post"}],"author":[{"embeddable":true,"href":"https:\/\/buenosairesconnect.com\/fr\/wp-json\/wp\/v2\/users\/165"}],"replies":[{"embeddable":true,"href":"https:\/\/buenosairesconnect.com\/fr\/wp-json\/wp\/v2\/comments?post=147691"}],"version-history":[{"count":5,"href":"https:\/\/buenosairesconnect.com\/fr\/wp-json\/wp\/v2\/posts\/147691\/revisions"}],"predecessor-version":[{"id":147704,"href":"https:\/\/buenosairesconnect.com\/fr\/wp-json\/wp\/v2\/posts\/147691\/revisions\/147704"}],"wp:featuredmedia":[{"embeddable":true,"href":"https:\/\/buenosairesconnect.com\/fr\/wp-json\/wp\/v2\/media\/147576"}],"wp:attachment":[{"href":"https:\/\/buenosairesconnect.com\/fr\/wp-json\/wp\/v2\/media?parent=147691"}],"wp:term":[{"taxonomy":"category","embeddable":true,"href":"https:\/\/buenosairesconnect.com\/fr\/wp-json\/wp\/v2\/categories?post=147691"},{"taxonomy":"post_tag","embeddable":true,"href":"https:\/\/buenosairesconnect.com\/fr\/wp-json\/wp\/v2\/tags?post=147691"},{"taxonomy":"author","embeddable":true,"href":"https:\/\/buenosairesconnect.com\/fr\/wp-json\/wp\/v2\/coauthors?post=147691"}],"curies":[{"name":"wp","href":"https:\/\/api.w.org\/{rel}","templated":true}]}}