{"id":145154,"date":"2024-08-05T11:31:54","date_gmt":"2024-08-05T14:31:54","guid":{"rendered":"https:\/\/buenosairesconnect.com\/?p=145154"},"modified":"2024-08-05T11:37:27","modified_gmt":"2024-08-05T14:37:27","slug":"initiatives-solidaires-a-buenos-aires","status":"publish","type":"post","link":"https:\/\/buenosairesconnect.com\/fr\/initiatives-solidaires-a-buenos-aires\/","title":{"rendered":"10 initiatives solidaires \u00e0 Buenos Aires"},"content":{"rendered":"<p style=\"text-align: center;\"><em>M\u00eame dans les situations difficiles, il existe des <strong>initiatives solidaires \u00e0 Buenos Aires<\/strong> qui s&rsquo;efforcent d&rsquo;apporter un soutien \u00e0 ceux qui en ont le plus besoin. <\/em><\/p>\n<hr \/>\n<p>&nbsp;<\/p>\n<p style=\"text-align: justify;\">Avec l&rsquo;arriv\u00e9e de l&rsquo;hiver, les basses temp\u00e9ratures sont incessantes et Buenos Aires abrite des milliers de personnes qui, pour diverses raisons, se retrouvent dans des situations de pr\u00e9carit\u00e9, souvent sans abri.<\/p>\n<p style=\"text-align: justify;\">C&rsquo;est pourquoi BAC souhaite partager avec vous ces initiatives qui proposent diff\u00e9rentes mani\u00e8res de participer, afin de contribuer, chacun avec ses possibilit\u00e9s, \u00e0 b\u00e2tir une r\u00e9alit\u00e9 plus solidaire.<\/p>\n<p style=\"text-align: justify;\">Le panorama est devenu de plus en plus complexe, et selon les dires, chaque semaine de nouvelles personnes, avec des besoins diff\u00e9rents, y ont recours et les ressources ne sont pas suffisantes. Cependant tous les espaces nous disent la m\u00eame chose : ce sont les liens g\u00e9n\u00e9r\u00e9s qui permettent un v\u00e9ritable accompagnement et un soutien, et ce sont ces liens qui font le plus souvent d\u00e9faut !<\/p>\n<h2 style=\"text-align: justify;\"><a href=\"https:\/\/www.instagram.com\/ollaparquelezama?igsh=MW9lZXlsaGU1Nmx1MA==\" target=\"_blank\" rel=\"noopener\"><b>Soupe populaire Parque Lezama<\/b><\/a><\/h2>\n<p style=\"text-align: justify;\">Tous les lundis soir, ils partagent un repas communautaire avec une centaine de personnes sans-abri ou en passe de le devenir. En \u00e9laborant des repas de fa\u00e7on communautaire, ils visent \u00e0 cr\u00e9er un espace de rencontre et de conversation, auxquelles peuvent se rajouter d&rsquo;autres types d\u2019activit\u00e9s.<\/p>\n<p><em><strong>Lieu :<\/strong> Amphith\u00e9\u00e2tre du <a href=\"https:\/\/buenosairesconnect.com\/fr\/le-parc-lezama-embryon-de-buenos-aires\/\">Parque Lezama<\/a>, San Telmo.<\/em><br \/>\n<em><strong>Comment participer :<\/strong> b\u00e9n\u00e9volat \/ dons \/ propositions de loisirs \/ organisation d&rsquo;\u00e9v\u00e9nements au profit de la soupe populaire.<\/em><br \/>\n<em><strong>Contact :<\/strong> <span style=\"font-weight: 400;\">IG :<\/span> @ollaparquelezama<\/em><\/p>\n<h2 style=\"text-align: justify;\"><em><a href=\"https:\/\/www.instagram.com\/lagargantapoderosa?utm_source=ig_web_button_share_sheet&amp;igsh=ZDNlZDc0MzIxNw==\" target=\"_blank\" rel=\"noopener\"><b>Comedor San Martin<\/b><\/a><\/em><\/h2>\n<p style=\"text-align: justify;\">La soupe populaire fonctionne trois fois par semaine et nourrit plus d&rsquo;une centaine de personnes sans-abri. L&rsquo;espace fait partie de l&rsquo;assembl\u00e9e La Poderosa, situ\u00e9e dans la Villa 31 \u00e0 <a href=\"https:\/\/buenosairesconnect.com\/fr\/retiro-quartier-elegant-buenos-aires\/\">Retiro<\/a>.<\/p>\n<p style=\"text-align: justify;\">Ils disposent de plusieurs espaces dans le quartier : soutien scolaire pour les enfants, maison pour femmes et dissidents o\u00f9 ils accompagnent des victimes de violence sexuelle, espace de football, \u00e9cole secondaire pour que les voisins puissent terminer leurs \u00e9tudes secondaires, et deux coop\u00e9ratives textiles.<\/p>\n<p><em><strong>Lieu :<\/strong> quartier Padre Carlos Mugica (Villa 31), Retiro.<\/em><br \/>\n<em><strong>Comment participer :<\/strong> b\u00e9n\u00e9volat (\u00e9laboration de repas, cours, ateliers, etc.) \/ dons.<\/em><br \/>\n<em><strong>Contact :<\/strong> Mail : v31.lapoderosa@gmail.com | IG \/ FB \/ X : @lagargantapoderosa<\/em><\/p>\n<h2 style=\"text-align: justify;\"><em><a href=\"https:\/\/www.instagram.com\/hoyconvos?igsh=NjVqODhxOW0zMG9r\" target=\"_blank\" rel=\"noopener\"><b>Hoy con vos<\/b><\/a><\/em><\/h2>\n<p style=\"text-align: justify;\">Tous les vendredis soir, ils parcourent les quartiers de Balvanera, Almagro, Boedo et Parque Patricios, apportant un d\u00eener, des kits d&rsquo;hygi\u00e8ne et un petit-d\u00e9jeuner \u00e0 une centaine de personnes sans-abri.<\/p>\n<p style=\"text-align: justify;\">De l\u00e0, ils les accompagnent dans la r\u00e9alisation de d\u00e9marches telles que des d\u00e9marches administratives, des demandes d&rsquo;allocations, des rendez-vous m\u00e9dicaux, des hospitalisations, des recherches d&#8217;emploi et tout le n\u00e9cessaire pour qu&rsquo;\u00e0 un moment donn\u00e9, ils puissent trouver un toit.<\/p>\n<p style=\"text-align: justify;\">Ils accompagnent \u00e9galement les personnes en situation de vuln\u00e9rabilit\u00e9 pour \u00e9viter qu&rsquo;elles ne se retrouvent \u00e0 la rue, en leur donnant des sacs de nourriture et en leur offrant un lieu de contention.<\/p>\n<p style=\"text-align: justify;\"><em><strong>Lieu :<\/strong> circuit \u00e0 travers les quartiers de Balvanera, Almagro, Boedo et Parque Patricios.<span style=\"font-weight: 400;\"><br \/>\n<\/span><strong>Comment participer :<\/strong> b\u00e9n\u00e9volat (visites, \u00e9laboration de repas* et logistique) \/ dons. *Personnes r\u00e9sidant \u00e0 CABA et pouvant cuisiner chez elles (ingr\u00e9dients et logistique fournis).<span style=\"font-weight: 400;\"><br \/>\n<\/span><strong>Contact :<\/strong><span style=\"font-weight: 400;\"> 11 6210-6982 <\/span><span style=\"font-weight: 400;\">| <\/span><span style=\"font-weight: 400;\">\u00a0<\/span><a href=\"mailto:hoyconvos.reconocturnas@gmail.com\"><span style=\"font-weight: 400;\">hoyconvos.reconocturnas@gmail.com<\/span><\/a><span style=\"font-weight: 400;\">\u00a0<\/span><\/em><\/p>\n<h2 style=\"text-align: justify;\"><em><a href=\"https:\/\/www.instagram.com\/abrigar_derechos?igsh=MTRuOWgzeTJuMnR3Zw==\" target=\"_blank\" rel=\"noopener\"><b>Abrigar derechos<\/b><\/a><\/em><\/h2>\n<p style=\"text-align: justify;\">Ils disposent d&rsquo;un espace d&rsquo;accompagnement int\u00e9gral o\u00f9 ils accueillent des familles et des personnes seules sans-abri. Ils offrent un petit-d\u00e9jeuner, un espace d&rsquo;hygi\u00e8ne personnelle, un d\u00e9jeuner, des services sociaux pour acc\u00e9der \u00e0 des programmes sociaux, des allocations, des rendez-vous m\u00e9dicaux, la gestion des papiers d&rsquo;identit\u00e9 et d&rsquo;autres proc\u00e9dures. Il y a aussi des ateliers d&rsquo;art, de th\u00e9\u00e2tre, de radio et d&rsquo;alphab\u00e9tisation num\u00e9rique.<\/p>\n<p style=\"text-align: justify;\"><em><strong>Lieu :<\/strong> <span style=\"font-weight: 400;\">quartier de Congreso, <a href=\"https:\/\/buenosairesconnect.com\/fr\/balvanera-quartier\/\">Balvanera<\/a>.<br \/>\n<\/span><strong>Comment participer :<\/strong> b\u00e9n\u00e9volat \/ atelier \/ dons.<span style=\"font-weight: 400;\"><br \/>\n<\/span><strong>Contact :<\/strong><span style=\"font-weight: 400;\">\u00a0<\/span><a href=\"mailto:abrigarderechos@gmail.com\"><span style=\"font-weight: 400;\">abrigarderechos@gmail.com<\/span><\/a><span style=\"font-weight: 400;\"> |\u00a0 IG : @abrigar_derechos\u00a0<\/span><\/em><\/p>\n<h2 style=\"text-align: justify;\"><em><a href=\"https:\/\/www.instagram.com\/amiguesporlascalles?igsh=bzFmcTVvZ2U3dDh0\" target=\"_blank\" rel=\"noopener\"><b>Amigues por las calles<\/b><\/a><\/em><\/h2>\n<p style=\"text-align: justify;\">Leur principale activit\u00e9 est l\u2019\u00e9laboration de repas et la distribution de nourriture. Mais ils ne se limitent pas \u00e0 cela, ils cherchent \u00e0 cr\u00e9er une communaut\u00e9, en ouvrant des espaces de contention et de r\u00e9cr\u00e9ation. Ils animent un atelier hebdomadaire de langue et de litt\u00e9rature et ont organis\u00e9 plusieurs ateliers dans diff\u00e9rentes disciplines. Ils organisent \u00e9galement diff\u00e9rents \u00e9v\u00e9nements tels que des cin\u00e9-d\u00e9bats et le FestiAmigue, un festival d\u00e9di\u00e9 \u00e0 100% aux personnes qu&rsquo;ils accompagnent.<\/p>\n<p style=\"text-align: justify;\"><strong><i>Lieu :<\/i><\/strong> <em>pr\u00e8s d&rsquo;Abasto, Balvanera et dans les environs d&rsquo;<\/em><span style=\"font-weight: 400;\"><em><a href=\"https:\/\/buenosairesconnect.com\/fr\/aeroparque-jorge-newbery-laeroport-version-locale\/\">Aeroparque<\/a>.<\/em><br \/>\n<\/span><strong><i>Comment participer :<\/i><\/strong> <span style=\"font-weight: 400;\"><em>b\u00e9n\u00e9volat (\u00e9laboration de repas, collecte de dons, visites, gestion des RS, etc.) \/ dons.<\/em><br \/>\n<\/span><strong><i>Contact :<\/i><\/strong><em><span style=\"font-weight: 400;\"> IG : @amiguesporlascalles\u00a0<\/span><\/em><\/p>\n<h2 style=\"text-align: justify;\"><em><a href=\"https:\/\/www.instagram.com\/construyendopsok?igsh=MXQzNzk4eHVsdGc0Zw==\" target=\"_blank\" rel=\"noopener\"><b>Construyendo puentes solidarios<\/b><\/a><\/em><\/h2>\n<p style=\"text-align: justify;\">Ils organisent des visites le samedi apr\u00e8s-midi\/soir en petit groupe et distribuent un d\u00eener fait maison, des v\u00eatements chauds et des kits d&rsquo;hygi\u00e8ne personnelle. Ils aident \u00e9galement les personnes \u00e0 obtenir des documents d&rsquo;identit\u00e9 et \u00e0 acc\u00e9der \u00e0 des allocations.<\/p>\n<p style=\"text-align: justify;\"><em><strong>Lieu :<\/strong> <span style=\"font-weight: 400;\">circuit dans le quartier de <a href=\"https:\/\/buenosairesconnect.com\/fr\/caballito-un-quartier-ou-il-fait-bon-vivre\/\">Caballito<\/a>.<br \/>\n<\/span><strong>Comment participer :<\/strong> b\u00e9n\u00e9volat \/ dons.<span style=\"font-weight: 400;\"><br \/>\n<\/span><strong>Contact :<\/strong><span style=\"font-weight: 400;\">\u00a0 11 5568-8377 \/\u00a0 | IG \/ FB : @construyendocpsok\u00a0<\/span><\/em><\/p>\n<h2 style=\"text-align: justify;\"><em><a href=\"https:\/\/www.instagram.com\/subcultural.caballito?igsh=cWQ4d2Iya2VkOTJl\" target=\"_blank\" rel=\"noopener\"><b>Merendero subcultural Caballito<\/b><\/a><b>\u00a0<\/b><\/em><\/h2>\n<p style=\"text-align: justify;\">Les lundis, mercredis et vendredis, ils font office de cantine solidaire pour les personnes sans-abri ou en situation de pr\u00e9carit\u00e9 sociale, et les dimanches, ils participent \u00e0 une soupe populaire avec d&rsquo;autres organisations de la municipalit\u00e9. Ils fournissent \u00e9galement une assistance pour diff\u00e9rentes proc\u00e9dures telles que la demande de papiers d&rsquo;identit\u00e9, <em>Ciudadan\u00eda Porte\u00f1a<\/em>, <em>CUD<\/em> et des rendez-vous m\u00e9dicaux. Ils organisent souvent des r\u00e9unions de discussion socio-politique et ont organis\u00e9 des activit\u00e9s r\u00e9cr\u00e9atives et des excursions pour les personnes qu&rsquo;ils accompagnent.<\/p>\n<p style=\"text-align: justify;\"><em><strong>Lieu :<\/strong> <span style=\"font-weight: 400;\">Bogot\u00e1 815, Caballito.<br \/>\n<\/span><strong>Comment participer :<\/strong> b\u00e9n\u00e9volat \/ dons.<span style=\"font-weight: 400;\"><br \/>\n<\/span><strong>Contact :<\/strong> <span style=\"font-weight: 400;\">IG : @subcultural\u00a0<\/span><\/em><\/p>\n<h2 style=\"text-align: justify;\"><em><a href=\"https:\/\/www.instagram.com\/oeste_solidario?igsh=MTFjODVkdTF5cDh3eg==\" target=\"_blank\" rel=\"noopener\"><b>Oeste solidario<\/b><\/a><\/em><\/h2>\n<p style=\"text-align: justify;\">Il s&rsquo;agit de l&rsquo;espace de solidarit\u00e9 du Club Oeste, compos\u00e9 de membres, de voisins, d&rsquo;amis du Club et de toute personne souhaitant collaborer. Ils r\u00e9alisent de nombreuses actions de solidarit\u00e9 telles que des tourn\u00e9es hebdomadaires dans le quartier, en apportant des repas chauds, des boissons, du caf\u00e9, des viennoiseries, des v\u00eatements chauds, des couvertures, entre autres, aux personnes sans-abri. Ils tiennent \u00e9galement un registre et assurent un suivi afin de pouvoir r\u00e9pondre \u00e0 d&rsquo;autres besoins et distribuent des repas lors des f\u00eates nationales et des d\u00eeners de No\u00ebl.<\/p>\n<p style=\"text-align: justify;\">Ils ont collect\u00e9 des fournitures scolaires et des jouets pour la f\u00eate des enfants, No\u00ebl et l&rsquo;\u00c9piphanie, qui sont ensuite distribu\u00e9s lors des soupes populaires des quartiers d\u00e9favoris\u00e9s et aux enfants des services intensifs des h\u00f4pitaux de la r\u00e9gion.<\/p>\n<p style=\"text-align: justify;\"><em><strong>Lieu : <\/strong><span style=\"font-weight: 400;\">Jos\u00e9 Mar\u00eda Moreno 446, Caballito.<br \/>\n<\/span><strong>Comment participer : <\/strong><span style=\"font-weight: 400;\">b\u00e9n\u00e9volat (\u00e9laboration de repas et circuit) \/ dons.<br \/>\n<\/span><strong>Contact :<\/strong> <span style=\"font-weight: 400;\">11 4046-1313\u00a0 | IG : @oeste_solidario<\/span><\/em><\/p>\n<h2 style=\"text-align: justify;\"><em><a href=\"https:\/\/www.instagram.com\/serconvos?igsh=MWJjNzVkejVicjlycQ==\" target=\"_blank\" rel=\"noopener\"><b>Ser con vos<\/b><\/a><\/em><\/h2>\n<p style=\"text-align: justify;\">Ils effectuent des rondes nocturnes, rendent visite aux voisins sans-abri, distribuent des d\u00eeners et des articles d&rsquo;hygi\u00e8ne personnelle, entre autres. Ils re\u00e7oivent \u00e9galement des voisins dans un espace de Villa Luro, o\u00f9 ils les aident \u00e0 effectuer des d\u00e9marches administratives, \u00e0 prendre des rendez-vous, \u00e0 pr\u00e9parer leur CV, \u00e0 s&rsquo;inscrire \u00e0 des cours de formation, etc.<\/p>\n<p style=\"text-align: justify;\">Ils organisent des activit\u00e9s telles qu&rsquo;une kermesse, des projections de films, des go\u00fbters et des jeux. Ils rendent \u00e9galement visite \u00e0 plus de 20 familles en situation de vuln\u00e9rabilit\u00e9 tous les mois.<\/p>\n<p style=\"text-align: justify;\"><em><strong>Lieu :<\/strong> visites de diff\u00e9rents quartiers des communes 9 et 10. Ils accueillent \u00e9galement des voisins dans un espace \u00e0 Villa Luro et bient\u00f4t \u00e0 Parque Avellaneda.<span style=\"font-weight: 400;\"><br \/>\n<\/span><strong>Comment participer :<\/strong> b\u00e9n\u00e9volat (\u00e9laboration de repas, visites, collecte de dons, achats, organisation d&rsquo;\u00e9v\u00e9nements, etc.) \/ dons.<span style=\"font-weight: 400;\"><br \/>\n<\/span><strong>Contact :<\/strong><span style=\"font-weight: 400;\"> 11 5165-6007 | FB \/ IG : @serconvos\u00a0<\/span><\/em><\/p>\n<h2 style=\"text-align: justify;\"><em><a href=\"https:\/\/www.instagram.com\/accionpsc?igsh=MWpodnloYjYzdHJqaw==\" target=\"_blank\" rel=\"noopener\"><b>Acci\u00f3n por personas en situaci\u00f3n de calle<\/b><\/a><\/em><\/h2>\n<p style=\"text-align: justify;\">Tous les mardis et vendredis soirs, ils distribuent de la nourriture, des v\u00eatements et des articles d&rsquo;hygi\u00e8ne. Ils accompagnent \u00e9galement des voisins qui, bien qu&rsquo;ayant quitt\u00e9 la rue, sont toujours en situation de pr\u00e9carit\u00e9. Ces familles re\u00e7oivent chaque mois un sac contenant de la nourriture, des v\u00eatements et des articles d&rsquo;hygi\u00e8ne.<\/p>\n<p style=\"text-align: justify;\"><em><strong>Zone :<\/strong> <span style=\"font-weight: 400;\">Monte Castro, Floresta, Villa Luro, Liniers, <a href=\"https:\/\/buenosairesconnect.com\/fr\/versailles-quartier\/\">Versalles<\/a> et Villa Devoto. Ils sont bas\u00e9s dans le quartier de Floresta.<br \/>\n<\/span><strong>Comment participer :<\/strong> b\u00e9n\u00e9volat (\u00e9laboration de repas, visites, r\u00e9ception au si\u00e8ge) \/ dons.<span style=\"font-weight: 400;\"><br \/>\n<\/span><strong>Contact :<\/strong> <span style=\"font-weight: 400;\">\u00a0<\/span><a href=\"mailto:accionpsc@gmail.com\"><span style=\"font-weight: 400;\">accionpsc@gmail.com<\/span><\/a><span style=\"font-weight: 400;\"> |\u00a0 <\/span><a href=\"https:\/\/www.accionpsc.com\" target=\"_blank\" rel=\"noopener\"><span style=\"font-weight: 400;\">www.accionpsc.com<\/span><\/a><\/em><\/p>\n<p>Et n&rsquo;oubliez pas que la solidarit\u00e9 d\u00e9place des montagnes \ud83d\ude09<\/p>\n<hr \/>\n<p><em><strong>\u00c7a peut aussi vous int\u00e9resser :<\/strong><\/em><\/p>\n<ul>\n<li class=\"p1\"><em><a href=\"https:\/\/buenosairesconnect.com\/fr\/fondation-entraide-francais-argentine-benevole\/\">Entraide Fran\u00e7aise en Argentine, donner de son temps pour aider les autres<\/a><\/em><\/li>\n<\/ul>\n","protected":false},"excerpt":{"rendered":"<p>M\u00eame dans les situations difficiles, il existe des initiatives solidaires \u00e0 Buenos Aires qui s&rsquo;efforcent d&rsquo;apporter un soutien \u00e0 ceux qui en ont le plus besoin. &nbsp; Avec l&rsquo;arriv\u00e9e de l&rsquo;hiver, les basses temp\u00e9ratures sont incessantes et Buenos Aires abrite des milliers de personnes qui, pour diverses raisons, se retrouvent dans des situations de pr\u00e9carit\u00e9, [&hellip;]<\/p>\n","protected":false},"author":181,"featured_media":145122,"comment_status":"closed","ping_status":"closed","sticky":false,"template":"","format":"standard","meta":{"footnotes":""},"categories":[3822,2416,4249],"tags":[],"coauthors":[9655],"class_list":["post-145154","post","type-post","status-publish","format-standard","has-post-thumbnail","category-economie-et-emploi","category-vivre-a-buenos-aires","category-lifestyle"],"_links":{"self":[{"href":"https:\/\/buenosairesconnect.com\/fr\/wp-json\/wp\/v2\/posts\/145154","targetHints":{"allow":["GET"]}}],"collection":[{"href":"https:\/\/buenosairesconnect.com\/fr\/wp-json\/wp\/v2\/posts"}],"about":[{"href":"https:\/\/buenosairesconnect.com\/fr\/wp-json\/wp\/v2\/types\/post"}],"author":[{"embeddable":true,"href":"https:\/\/buenosairesconnect.com\/fr\/wp-json\/wp\/v2\/users\/181"}],"replies":[{"embeddable":true,"href":"https:\/\/buenosairesconnect.com\/fr\/wp-json\/wp\/v2\/comments?post=145154"}],"version-history":[{"count":4,"href":"https:\/\/buenosairesconnect.com\/fr\/wp-json\/wp\/v2\/posts\/145154\/revisions"}],"predecessor-version":[{"id":145160,"href":"https:\/\/buenosairesconnect.com\/fr\/wp-json\/wp\/v2\/posts\/145154\/revisions\/145160"}],"wp:featuredmedia":[{"embeddable":true,"href":"https:\/\/buenosairesconnect.com\/fr\/wp-json\/wp\/v2\/media\/145122"}],"wp:attachment":[{"href":"https:\/\/buenosairesconnect.com\/fr\/wp-json\/wp\/v2\/media?parent=145154"}],"wp:term":[{"taxonomy":"category","embeddable":true,"href":"https:\/\/buenosairesconnect.com\/fr\/wp-json\/wp\/v2\/categories?post=145154"},{"taxonomy":"post_tag","embeddable":true,"href":"https:\/\/buenosairesconnect.com\/fr\/wp-json\/wp\/v2\/tags?post=145154"},{"taxonomy":"author","embeddable":true,"href":"https:\/\/buenosairesconnect.com\/fr\/wp-json\/wp\/v2\/coauthors?post=145154"}],"curies":[{"name":"wp","href":"https:\/\/api.w.org\/{rel}","templated":true}]}}