{"id":142838,"date":"2023-11-08T10:22:16","date_gmt":"2023-11-08T13:22:16","guid":{"rendered":"https:\/\/buenosairesconnect.com\/?p=142838"},"modified":"2023-11-08T10:23:49","modified_gmt":"2023-11-08T13:23:49","slug":"el-mamut-soiree-poesie","status":"publish","type":"post","link":"https:\/\/buenosairesconnect.com\/fr\/el-mamut-soiree-poesie\/","title":{"rendered":"El Mamut : Po\u00e9sie, parrilla et perreo"},"content":{"rendered":"<p style=\"text-align: center;\"><em><strong>El Mamut<\/strong> est une soir\u00e9e itin\u00e9rante en plein air, unique \u00e0 Buenos Aires, qui combine les \u00ab 3 P \u00bb : po\u00e9sie, parrilla et perreo.<\/em><\/p>\n<hr \/>\n<p style=\"text-align: justify;\">\u00c7a vous arrive aussi, ce sentiment de d\u00e9prime du dimanche soir ? Cette tristesse \/ nostalgie, m\u00eal\u00e9e \u00e0 une certaine fatigue, et ajout\u00e9e \u00e0 l&rsquo;inqui\u00e9tude d&rsquo;avoir \u00e0 affronter \u00e0 nouveau le rythme de la productivit\u00e9 du lundi&#8230; \u00c7a vous arrive ? Voici une recommandation familiale, originale et soign\u00e9e, avec une jovialit\u00e9 qui embrasse et contient dans ce type de situation.<\/p>\n<h2><strong>C&rsquo;est comment, el Mamut?<\/strong><\/h2>\n<p style=\"text-align: justify;\">El Mamut est une f\u00eate hors du commun, non seulement parce qu&rsquo;elle a lieu le dimanche, mais aussi parce qu&rsquo;elle se d\u00e9roule l&rsquo;apr\u00e8s-midi et pas vraiment la nuit.<\/p>\n<p style=\"text-align: justify;\">Il s\u2019agit d&rsquo;un \u00ab rituel \u00bb, pour reprendre les termes de Simur (l&rsquo;un des organisateurs), au cours duquel les gens lisent\/\u00e9coutent de la po\u00e9sie, dansent, passent du temps avec des amis et des inconnus. La diversit\u00e9 de ses activit\u00e9s repose sur un \u00e9quilibre \u00e9trange entre le caos et la raison : de l&rsquo;aspect visc\u00e9ral et spontan\u00e9 du contexte de la f\u00eate \u00e0 l&rsquo;aspect profond et lettr\u00e9 de la po\u00e9sie.<\/p>\n<p style=\"text-align: justify;\">C&rsquo;est donc \u00e7a, le rituel du \u00ab triple P : po\u00e9sie, parrilla et perreo \u00bb ; une relation de concepts presque ironique (contradictoire pour les fondamentalistes des soir\u00e9es, de la po\u00e9sie ou m\u00eame de la parrilla argentine).<\/p>\n<p><strong style=\"color: var(--td_text_color, #111111); font-family: Roboto, sans-serif; font-size: 27px;\">Ma premi\u00e8re fois au Mamut<\/strong><\/p>\n<p style=\"text-align: justify;\">J&rsquo;ai connu El Mamut un jour de septembre ; on y a \u00e9t\u00e9 avec une amie, un apr\u00e8s-midi qui promettait po\u00e9sie, perreo et \u00ab chori \u00bb ; il faisait chaud ce jour-l\u00e0, alors d\u00e8s que nous sommes arriv\u00e9s (\u00e0 cette occasion, le rendez-vous \u00e9tait dans la cour d&rsquo;une maison de San Telmo), je me suis servie un verre de vin, avec du soda et des fruits (\u00ab tinto de verano \u00bb, mais au printemps) et mon amie a pris une bi\u00e8re.<\/p>\n<p style=\"text-align: justify;\">Autour de nous, un grand rassemblement d&rsquo;amis ou peut-\u00eatre une soir\u00e9e intime en plein soleil, pr\u00e8s d&rsquo;une piscine dont l&rsquo;usage \u00e9tait interdit.<\/p>\n<p style=\"text-align: justify;\">Lors de cette premi\u00e8re exp\u00e9rience, tout au long de l&rsquo;apr\u00e8s-midi, nous avons vu des po\u00e8tes (des invit\u00e9s qui changent d&rsquo;un Mamut \u00e0 l&rsquo;autre) appara\u00eetre par vagues, puis du reggeaton bien classique, un peu de n\u00e9o-bachata et, pour couronner le tout, un \u00ab concours de perreo \u00bb ; quoi de mieux pour terminer la soir\u00e9e que de danser sur un peu plus de reggeaton et de cumbia nationale. Et tout \u00e7a, \u00e7a a donn\u00e9 une soir\u00e9e compos\u00e9e de \u00ab pics \u00bb, c\u00e9l\u00e9brant l&rsquo;apollinien et le dionysiaque dans un espace faisant se converger ces deux types de plaisirs.<\/p>\n<p style=\"text-align: justify;\"><b style=\"color: var(--td_text_color, #111111); font-family: Roboto, sans-serif; font-size: 27px;\">O\u00f9 et quand a lieu El Mamut?<\/b><\/p>\n<p style=\"text-align: justify;\">\u00c7a a g\u00e9n\u00e9ralement lieu le dimanche (bien qu&rsquo;il arrive que \u00e7a tombe un vendredi ou un samedi), \u00e7a commence le jour et \u00e7a finit la nuit, et comme c&rsquo;est un \u00e9v\u00e9nement en plein air, si le temps s&rsquo;y pr\u00eate, le Mamut a lieu toutes les deux ou trois semaines.<\/p>\n<p style=\"text-align: justify;\">Itin\u00e9rant : les emplacements changent souvent (bien qu&rsquo;il ait trouv\u00e9 sa place dans certains espaces o\u00f9 il a eu lieu \u00e0 plusieurs reprises : comme la Sala Siranush, \u00e0 Palermo, ou la <a href=\"https:\/\/www.instagram.com\/plataformanave\/\" target=\"_blank\" rel=\"noopener\">Plataforma Nave<\/a>, un espace qui s&rsquo;\u00e9loigne un peu de l&rsquo;agitation de la ville).<\/p>\n<p style=\"text-align: justify;\">Comme vous pouvez le voir, c&rsquo;est assez h\u00e9t\u00e9rog\u00e8ne ; dans un Mamut, on cohabite de diff\u00e9rentes mani\u00e8res avec plusieurs personnalit\u00e9s au cours d&rsquo;une m\u00eame soir\u00e9e. Et c&rsquo;est ce va-et-vient d&rsquo;incompatibilit\u00e9s qui devient son \u00e9l\u00e9ment le plus pr\u00e9cieux ; la diff\u00e9rence et la coexistence, comme une mani\u00e8re d&rsquo;acc\u00e9der \u00e0 diff\u00e9rents liens et de nous aider \u00e0 les unifier et \u00e0 les faire vivre ensemble dans le m\u00eame corps (le n\u00f4tre).<\/p>\n<p style=\"text-align: justify;\">Alors, si le dimanche vous semble morose, n&rsquo;oubliez pas que quelque part dans la ville, un Mamut est peut-\u00eatre en train de se r\u00e9veiller.<\/p>\n<p style=\"text-align: justify;\"><em><strong><a href=\"https:\/\/www.instagram.com\/elmamut.100\/\" target=\"_blank\" rel=\"noopener\">El Mamut<\/a><\/strong><br \/>\nDimanche (toutes les 2 ou 3 semaines) de 15h \u00e0 22h.<\/em><br \/>\n<em>(La premi\u00e8re heure, l&rsquo;entr\u00e9e est gratuite)<\/em><br \/>\n<em>Pour plus d&rsquo;informations, consultez leurs r\u00e9seaux<\/em><\/p>\n","protected":false},"excerpt":{"rendered":"<p>El Mamut est une soir\u00e9e itin\u00e9rante en plein air, unique \u00e0 Buenos Aires, qui combine les \u00ab 3 P \u00bb : po\u00e9sie, parrilla et perreo. \u00c7a vous arrive aussi, ce sentiment de d\u00e9prime du dimanche soir ? Cette tristesse \/ nostalgie, m\u00eal\u00e9e \u00e0 une certaine fatigue, et ajout\u00e9e \u00e0 l&rsquo;inqui\u00e9tude d&rsquo;avoir \u00e0 affronter \u00e0 nouveau [&hellip;]<\/p>\n","protected":false},"author":180,"featured_media":142823,"comment_status":"closed","ping_status":"closed","sticky":false,"template":"","format":"standard","meta":{"footnotes":""},"categories":[5280,2290,5093],"tags":[],"coauthors":[9654],"class_list":["post-142838","post","type-post","status-publish","format-standard","has-post-thumbnail","category-sortir","category-se-cultiver","category-librairie"],"_links":{"self":[{"href":"https:\/\/buenosairesconnect.com\/fr\/wp-json\/wp\/v2\/posts\/142838","targetHints":{"allow":["GET"]}}],"collection":[{"href":"https:\/\/buenosairesconnect.com\/fr\/wp-json\/wp\/v2\/posts"}],"about":[{"href":"https:\/\/buenosairesconnect.com\/fr\/wp-json\/wp\/v2\/types\/post"}],"author":[{"embeddable":true,"href":"https:\/\/buenosairesconnect.com\/fr\/wp-json\/wp\/v2\/users\/180"}],"replies":[{"embeddable":true,"href":"https:\/\/buenosairesconnect.com\/fr\/wp-json\/wp\/v2\/comments?post=142838"}],"version-history":[{"count":4,"href":"https:\/\/buenosairesconnect.com\/fr\/wp-json\/wp\/v2\/posts\/142838\/revisions"}],"predecessor-version":[{"id":142855,"href":"https:\/\/buenosairesconnect.com\/fr\/wp-json\/wp\/v2\/posts\/142838\/revisions\/142855"}],"wp:featuredmedia":[{"embeddable":true,"href":"https:\/\/buenosairesconnect.com\/fr\/wp-json\/wp\/v2\/media\/142823"}],"wp:attachment":[{"href":"https:\/\/buenosairesconnect.com\/fr\/wp-json\/wp\/v2\/media?parent=142838"}],"wp:term":[{"taxonomy":"category","embeddable":true,"href":"https:\/\/buenosairesconnect.com\/fr\/wp-json\/wp\/v2\/categories?post=142838"},{"taxonomy":"post_tag","embeddable":true,"href":"https:\/\/buenosairesconnect.com\/fr\/wp-json\/wp\/v2\/tags?post=142838"},{"taxonomy":"author","embeddable":true,"href":"https:\/\/buenosairesconnect.com\/fr\/wp-json\/wp\/v2\/coauthors?post=142838"}],"curies":[{"name":"wp","href":"https:\/\/api.w.org\/{rel}","templated":true}]}}