{"id":127814,"date":"2021-11-15T10:36:39","date_gmt":"2021-11-15T13:36:39","guid":{"rendered":"https:\/\/buenosairesconnect.com\/?p=127814"},"modified":"2021-11-15T10:36:58","modified_gmt":"2021-11-15T13:36:58","slug":"versailles-quartier","status":"publish","type":"post","link":"https:\/\/buenosairesconnect.com\/fr\/versailles-quartier\/","title":{"rendered":"Versailles, un petit quartier rempli de paix"},"content":{"rendered":"<p style=\"text-align: justify;\">Versailles, ou <em>Versalles<\/em> comme on le conna\u00eet ici, n&rsquo;a rien \u00e0 voir avec le c\u00e9l\u00e8bre palais de la royaut\u00e9 fran\u00e7aise, mais c&rsquo;est le nom donn\u00e9 \u00e0 ce quartier de la p\u00e9riph\u00e9rie de la capitale.<\/p>\n<p style=\"text-align: justify;\">Il est situ\u00e9 au sud de <a href=\"https:\/\/buenosairesconnect.com\/fr\/villa-devoto-quartier-ouest\/\">Villa Devoto<\/a> et repr\u00e9sente, avec Villa Real, Monte Castro, V\u00e9lez Sarsfield et Villa Luro, l&rsquo;un des quartiers les moins connus, de ceux dont on entend jamais parler dans les guides touristiques, et cela malgr\u00e9 son charme.<\/p>\n<h4 style=\"text-align: justify;\"><strong>\u00c0 la recherche du calme<\/strong><\/h4>\n<p style=\"text-align: justify;\">Versailles est l&rsquo;un des plus petits quartiers de la capitale et se caract\u00e9rise par le fait qu&rsquo;il est celui qui compte le plus d&rsquo;espaces verts par habitant.<\/p>\n<p style=\"text-align: justify;\">Si nous attribuions des personnalit\u00e9s aux diff\u00e9rents quartiers de Buenos Aires, nous dirions que Versailles incarne le profil d&rsquo;une personne calme et tranquille, dot\u00e9e d&rsquo;un microclimat tr\u00e8s diff\u00e9rent de celui des quartiers proches du centre, sans grandes perturbations sonores ou visuelles. Avec ses rues larges, ses maisons basses et ses espaces verts, c&rsquo;est le lieu id\u00e9al de ceux qui recherchent la tranquillit\u00e9.<\/p>\n<h4 style=\"text-align: justify;\"><strong>Inspiration fran\u00e7aise<\/strong><\/h4>\n<p style=\"text-align: justify;\">En 1911, un lotissement a \u00e9t\u00e9 d\u00e9velopp\u00e9 autour de la nouvelle gare Ferrocarril del Oeste, sur des terrains qui correspondaient \u00e0 l&rsquo;\u00e9poque au quartier de Monte Castro. Le quartier de Versailles est n\u00e9 autour de la gare, et a re\u00e7u son nom \u00e0 la demande d&rsquo;un m\u00e9decin du travail s\u00e9duit par sa visite du palais fran\u00e7ais.<\/p>\n<p style=\"text-align: justify;\">Comme il fallait s&rsquo;y attendre, le nom Versailles a \u00e9t\u00e9 progressivement argentinis\u00e9 pour devenir Versalles (avec un \u00ab\u00a0sh\u00a0\u00bb tr\u00e8s prononc\u00e9, \u00e0 la mani\u00e8re de Buenos Aires).<\/p>\n<h4 style=\"text-align: justify;\"><strong>Que voir et quoi faire \u00e0 Versailles<\/strong><\/h4>\n<ul>\n<li style=\"text-align: justify;\"><strong>Le Paseo Versalles<\/strong> : un parc allong\u00e9 qui traverse le quartier de Arregui \u00e0 \u00c1lvarez Jonte. Son parcours bord\u00e9 d&rsquo;arbres est id\u00e9al pour se promener, faire du jogging ou s&rsquo;asseoir et boire du mat\u00e9 entre amis.<\/li>\n<li style=\"text-align: justify;\"><strong>Le square Banff<\/strong> : \u00e0 n&rsquo;en pas douter le lieu de loisirs pour toute la famille.<\/li>\n<li style=\"text-align: justify;\">Comme il s&rsquo;agit d&rsquo;un quartier presque exclusivement r\u00e9sidentiel, l&rsquo;offre gastronomique n&rsquo;est pas abondante. Mais en nous promenant, nous sommes tomb\u00e9s sur une surprise : le <strong>bar-\u00e9picerie fine appel\u00e9 <a href=\"https:\/\/www.instagram.com\/laveredita.versalles\/\" target=\"_blank\" rel=\"noopener\">La Veredita<\/a><\/strong>. Dans cette belle maison \u00e0 l&rsquo;angle de Lisboa et Dupuy, vous pouvez d\u00e9guster de d\u00e9licieux sandwichs et une belle vari\u00e9t\u00e9 de bi\u00e8res et de jus de fruits, entre autres.<\/li>\n<li style=\"text-align: justify;\">Apparemment, Versailles est un quartier de choix pour les cin\u00e9astes. Au 1232 de la rue Echenaguc\u00eda se trouve <strong>le principal lieu de tournage du c\u00e9l\u00e8bre <a href=\"https:\/\/buenosairesconnect.com\/fr\/films-argentins-netflix-culture-argentine\/\">film argentin<\/a> \u00ab\u00a0Esperando la Carroza\u00a0\u00bb<\/strong> (un portrait de l&rsquo;h\u00e9ritage italien dans les coutumes argentines).<\/li>\n<li style=\"text-align: justify;\">Le Caf\u00e9 Buenos Aires, \u00e0 l&rsquo;angle de Nogoy\u00e1 et Gallardo, a \u00e9t\u00e9 <strong>le lieu de tournage du film \u00ab\u00a0El Hijo de la Novia\u00a0\u00bb<\/strong> de Juan Jos\u00e9 Campanella. Malheureusement, ce bar historique est maintenant \u00e0 vendre.<\/li>\n<li style=\"text-align: justify;\"><strong>La Glorieta de Versalles<\/strong> : la structure de l&rsquo;ancien Mercado Municipal Versalles a \u00e9t\u00e9 transform\u00e9e en un espace culturel public o\u00f9 les voisins se r\u00e9unissent pour danser, jouer de la musique et r\u00e9aliser diverses activit\u00e9s culturelles.<\/li>\n<\/ul>\n<p style=\"text-align: justify;\">Si vous recherchez une journ\u00e9e paisible loin du brouhaha typique de la capitale, faites une promenade \u00e0 Versailles et vous en reviendrez rafra\u00eechis !<\/p>\n<p style=\"text-align: justify;\"><strong>FICHE BAC<\/strong><\/p>\n<p style=\"text-align: justify;\"><em><strong>Le quartier en trois mots :<\/strong> paisible, arbor\u00e9, familial.<\/em><br \/>\n<em><strong>Points forts :<\/strong> la glorieta de Versailles et le square Banff.<\/em><br \/>\n<em><strong>Nos bars\/caf\u00e9s pr\u00e9f\u00e9r\u00e9s :<\/strong> <a href=\"https:\/\/www.instagram.com\/laveredita.versalles\/\" target=\"_blank\" rel=\"noopener\">La Veredita<\/a> pour ses d\u00e9licieux sandwichs et pour son ambiance<\/em><br \/>\n<em><strong>Nos coups de c\u0153urs :<\/strong> Les diff\u00e9rents styles de maisons, avec des d\u00e9tails originaux de diff\u00e9rentes p\u00e9riodes<\/em><\/p>\n<p>&nbsp;<\/p>\n<p>Traduction : Carolina Freda<\/p>\n","protected":false},"excerpt":{"rendered":"<p>Versailles, ou Versalles comme on le conna\u00eet ici, n&rsquo;a rien \u00e0 voir avec le c\u00e9l\u00e8bre palais de la royaut\u00e9 fran\u00e7aise, mais c&rsquo;est le nom donn\u00e9 \u00e0 ce quartier de la p\u00e9riph\u00e9rie de la capitale. Il est situ\u00e9 au sud de Villa Devoto et repr\u00e9sente, avec Villa Real, Monte Castro, V\u00e9lez Sarsfield et Villa Luro, l&rsquo;un [&hellip;]<\/p>\n","protected":false},"author":142,"featured_media":127570,"comment_status":"closed","ping_status":"closed","sticky":false,"template":"","format":"standard","meta":{"footnotes":""},"categories":[5257,5452],"tags":[],"coauthors":[9237],"class_list":["post-127814","post","type-post","status-publish","format-standard","has-post-thumbnail","category-quartier","category-quartier-fr"],"_links":{"self":[{"href":"https:\/\/buenosairesconnect.com\/fr\/wp-json\/wp\/v2\/posts\/127814","targetHints":{"allow":["GET"]}}],"collection":[{"href":"https:\/\/buenosairesconnect.com\/fr\/wp-json\/wp\/v2\/posts"}],"about":[{"href":"https:\/\/buenosairesconnect.com\/fr\/wp-json\/wp\/v2\/types\/post"}],"author":[{"embeddable":true,"href":"https:\/\/buenosairesconnect.com\/fr\/wp-json\/wp\/v2\/users\/142"}],"replies":[{"embeddable":true,"href":"https:\/\/buenosairesconnect.com\/fr\/wp-json\/wp\/v2\/comments?post=127814"}],"version-history":[{"count":0,"href":"https:\/\/buenosairesconnect.com\/fr\/wp-json\/wp\/v2\/posts\/127814\/revisions"}],"wp:featuredmedia":[{"embeddable":true,"href":"https:\/\/buenosairesconnect.com\/fr\/wp-json\/wp\/v2\/media\/127570"}],"wp:attachment":[{"href":"https:\/\/buenosairesconnect.com\/fr\/wp-json\/wp\/v2\/media?parent=127814"}],"wp:term":[{"taxonomy":"category","embeddable":true,"href":"https:\/\/buenosairesconnect.com\/fr\/wp-json\/wp\/v2\/categories?post=127814"},{"taxonomy":"post_tag","embeddable":true,"href":"https:\/\/buenosairesconnect.com\/fr\/wp-json\/wp\/v2\/tags?post=127814"},{"taxonomy":"author","embeddable":true,"href":"https:\/\/buenosairesconnect.com\/fr\/wp-json\/wp\/v2\/coauthors?post=127814"}],"curies":[{"name":"wp","href":"https:\/\/api.w.org\/{rel}","templated":true}]}}