{"id":117422,"date":"2020-08-11T17:39:51","date_gmt":"2020-08-11T20:39:51","guid":{"rendered":"https:\/\/buenosairesconnect.com\/?p=117422"},"modified":"2025-03-28T11:39:42","modified_gmt":"2025-03-28T14:39:42","slug":"coghlan-quartier","status":"publish","type":"post","link":"https:\/\/buenosairesconnect.com\/fr\/coghlan-quartier\/","title":{"rendered":"Coghlan, un quartier cheminot au charme discret"},"content":{"rendered":"<p style=\"text-align: justify;\">Le quartier de Coghlan est n\u00e9 et s\u2019est d\u00e9velopp\u00e9 autour de sa station de train, inaugur\u00e9e \u00e0 la fin du XIXe si\u00e8cle. Les terres aux alentours, qui appartenaient alors au quartier de Belgrano, furent parcellis\u00e9es pour accueillir les premi\u00e8res constructions. Les premi\u00e8res r\u00e9sidences apparurent ainsi t\u00e9moignant d\u2019une forte influence anglaise et basque fran\u00e7aise qui donn\u00e8rent au quartier une identit\u00e9 particuli\u00e8re.<\/p>\n<p style=\"text-align: justify;\">Coghlan est souvent pass\u00e9 inaper\u00e7u et, de fait, certains ignorent qu\u2019il fait partie des 48 <a href=\"https:\/\/buenosairesconnect.com\/fr\/carte-interactive-quartiers-buenos-aires\/\">quartiers porte\u00f1os<\/a>. Les raisons ne manquent pas\u00a0: sa superficie n\u2019occupe que 10 x 10 p\u00e2t\u00e9s de maisons, le quartier est cach\u00e9 entre <a href=\"https:\/\/buenosairesconnect.com\/fr\/villa-urquiza-quartier\/\">Villa Urquiza<\/a>, <a href=\"https:\/\/buenosairesconnect.com\/fr\/nunez-barrio-belgrano-river-esma\/\">N\u00fa\u00f1ez<\/a>, <a href=\"https:\/\/buenosairesconnect.com\/fr\/parque-saavedra-parc-sortie-weekend\/\">Saavedra<\/a> et <a href=\"https:\/\/buenosairesconnect.com\/fr\/belgrano-un-quartier-en-quatre-dimensions\/\">Belgrano R<\/a>. Et, contrairement \u00e0 la plupart des quartiers, il n\u2019est que peu desservi par les moyens de transport. Cela explique que le quartier garde une certaine fra\u00eecheur et une authenticit\u00e9 doubl\u00e9es d\u2019une tranquillit\u00e9 presque villageoise.<\/p>\n<p style=\"text-align: justify;\">M\u00eame s\u2019il est petit, le quartier se divise en deux secteurs aux styles tr\u00e8s diff\u00e9rents mais qui cohabitent dans l\u2019harmonie la plus totale\u00a0:<\/p>\n<h2 style=\"text-align: justify;\"><strong>Le centre historique de Coghlan<\/strong><\/h2>\n<p style=\"text-align: justify;\">Il correspond aux rues autour de la station de train, entre les avenues Congreso et Monroe. Le souvenir d\u2019une \u00e9poque o\u00f9 le quartier a commenc\u00e9 \u00e0 se d\u00e9velopper avec \u00e9clat est encore vivant. Rues pav\u00e9es, vieilles b\u00e2tisses et petits palais avec de magnifiques jardins\u2026Il suffit de jeter un \u0153il \u00e0 travers les fen\u00eatres pour imaginer les r\u00e9unions familiales autour du th\u00e9.<\/p>\n<p style=\"text-align: justify;\">Si vous partez \u00e0 la d\u00e9couverte de Coghlan, je vous conseille d\u2019entrer par la grande porte\u00a0: la station de train. Elle conserve son architecture originale de style anglais, mais aussi son pont en fer et ses provisions en eau qui \u00e9taient utilis\u00e9s pour alimenter les locomotives \u00e0 vapeur. Dans les ann\u00e9es 70, les habitants du quartier se sont r\u00e9unis pour cr\u00e9er la <a href=\"https:\/\/www.facebook.com\/ACAECBiblioteca-de-la-Estaci%C3%B3n-Coghlan-1416087402034058\/\" target=\"_blank\" rel=\"noopener noreferrer\">Asociaci\u00f3n Civil Amigos de la Estaci\u00f3n de Coghlan<\/a>, qui abrite tous types d\u2019activit\u00e9s culturelles.<\/p>\n<p style=\"text-align: justify;\">Les places qui entourent la gare sont pleine de verdure et deux sentiers verdoyants y prennent leur source. Ils \u00e9taient jadis utilis\u00e9s par les employ\u00e9s des chemins de fer, et ils bordent les voies pour d\u00e9boucher sur Nahuel Huap\u00ed\u00a0: un super spot \u00e0 d\u00e9couvrir \u00e0 v\u00e9lo ou \u00e0 pied.<\/p>\n<p style=\"text-align: justify;\">Pour la suite du parcours, je vous recommande la <a href=\"https:\/\/periodicoelbarrio.com.ar\/el-rincon-de-los-suenos-de-coghlan\/\" target=\"_blank\" rel=\"noopener noreferrer\">Plazoleta Roosevelt<\/a> qui dispose d\u2019une entr\u00e9e directe depuis un petit escalier sur la place de la gare. C\u2019est l\u2019acc\u00e8s au quartier r\u00e9sidentiel des premiers habitants et on se croirait dans un conte britannique.<\/p>\n<p style=\"text-align: justify;\">Dans la rue Super\u00ed, vous attend le <a href=\"https:\/\/www.annefrank.org\/es\/museo\/\" target=\"_blank\" rel=\"noopener noreferrer\">Mus\u00e9e d&rsquo;Anne Frank<\/a>, le premier si\u00e8ge du Mus\u00e9e d\u2019Amsterdam en Am\u00e9rique latine o\u00f9 vous pouvez trouver des objets originaux ayant appartenu \u00e0 la famille Frank ainsi qu\u2019une reproduction de la cachette de la famille d\u2019Anne.<\/p>\n<p style=\"text-align: justify;\">Les amateurs de cin\u00e9 appr\u00e9cieront le Centre d\u2019Art et Culture <a href=\"http:\/\/eldoradoarte.com.ar\/\" target=\"_blank\" rel=\"noopener noreferrer\">\u201cEl Dorado\u201d<\/a>, qu\u2019abrite une vieille b\u00e2tisse de 1927\u00a0: c\u2019est le centre n\u00e9vralgique de l\u2019art et du cin\u00e9 pour la communaut\u00e9.<\/p>\n<h2 style=\"text-align: justify;\"><strong>La boh\u00e8me de Coghlan<\/strong><\/h2>\n<p style=\"text-align: justify;\">Le style du quartier se transforme lorsque vous traversez l\u2019avenue Congreso et que vous vous dirigez vers la rue N\u00fa\u00f1ez. Il y a des maisons plus petites, des PHs et des immeubles neufs dans un style <em>porte\u00f1o<\/em> qui rappelle davantage les petites rues de Parque Chas. Les rues et passages aux noms \u00e9vocateurs comme Prometeo, S\u00f3crates et Plutarco lui donnent un air artistique et original ; les maisons basses et color\u00e9es, l\u2019art de rue renforcent son authenticit\u00e9.<\/p>\n<p style=\"text-align: justify;\">Si vous levez les yeux, vous d\u00e9couvrez l\u2019\u201c<a href=\"https:\/\/periodicoelbarrio.com.ar\/coghlan-tiene-su-propio-y-centenario-obelisco\/\" target=\"_blank\" rel=\"noopener noreferrer\">Ob\u00e9lisque de Coghlan<\/a>\u201d : un vieux r\u00e9seau d\u2019\u00e9gouts et d\u2019a\u00e9ration en tuiles qui est devenu l\u2019image d\u2019Epinal du quartier.<\/p>\n<p style=\"text-align: justify;\">Sortez vos appareils photos ! Presque toutes les maisons affichent des \u00e9l\u00e9ments de d\u00e9co tr\u00e8s originaux\u00a0: sculptures, muraux et plantes qui se fondent dans le paysage. La preuve avec l\u2019Almac\u00e9n Natural qui se trouve dans le Passage Plutarco. Impossible de ne pas s\u2019arr\u00eater pour admirer ce coin de rue si original, qui propose en plus d\u2019excellents produits qu\u2019on trouve nulle part ailleurs.<\/p>\n<p style=\"text-align: justify;\">D\u2019autres surprises vous attendent rue Washington avec un petit march\u00e9 aux puces dont les marchandises s\u2019\u00e9talent all\u00e9grement sur le trottoir. Et pour ceux qui veulent prendre le pouls de la vie de quartier autour d\u2019un bon plat de cuisine maison, rendez-vous au <a href=\"https:\/\/www.facebook.com\/ClubElTabano\/\" target=\"_blank\" rel=\"noopener noreferrer\">Club social y deportivo \u00ab\u00a0El Tabano\u00a0\u00bb<\/a>, qui a accueilli les d\u00e9buts de Roberto Goyeneche.<\/p>\n<p style=\"text-align: justify;\">Avec cette somme d\u2019infos, vous pouvez vous lancer \u00e0 la conqu\u00eate du quartier\u2026mais je vous conseille de prendre vos v\u00e9los et d\u2019inventer votre propre parcours\u00a0!<\/p>\n<p style=\"text-align: justify;\"><strong>FICHE D\u2019IDENTIT\u00c9<\/strong><\/p>\n<p style=\"text-align: justify;\"><strong><em>Le quartier en trois mots :<\/em><\/strong><em> bulle, r\u00e9sidentiel, authentique<br \/>\n<strong>Le point fort :<\/strong>\u00a0La Plazoleta Roosevelt \u00a0et l\u2019<\/em><a href=\"https:\/\/www.facebook.com\/plutarco.almacen\" target=\"_blank\" rel=\"noopener noreferrer\"><em>Almac\u00e9n Plutarco<\/em><\/a><em><br \/>\n<strong>Nos restaurants favoris :<\/strong><\/em>\u00a0<a href=\"https:\/\/www.facebook.com\/ClubElTabano\/\" target=\"_blank\" rel=\"noopener noreferrer\"><em>Club<\/em> <em>Social y Deportivo \u201cEl T\u00e1bano\u201d<\/em><\/a><em> (pour son charme de quartier et son histoire), et <\/em><a href=\"https:\/\/buenosairesconnect.com\/fr\/pedro-telmo-le-toque-authentique-2\/\"><em>Vicente<\/em><\/a><em>\u00a0(pour son ambiance agr\u00e9able et ses p\u00e2tes) <\/em><br \/>\n<strong><em>Nos bars\/caf\u00e9s pr\u00e9f\u00e9r\u00e9s :<\/em><\/strong><em>\u00a0<\/em><em>Ego\u2019s<\/em> <em>(pour sa p\u00e2tisserie g\u00e9n\u00e9reuse et d\u00e9licieuse), <\/em><a href=\"https:\/\/www.google.com\/maps\/place\/Lucca+Helader%C3%ADa+Boutique\/@-34.5645828,-58.4751517,3a,75y,90t\/data=!3m8!1e2!3m6!1sAF1QipOz4tMopN2jHAGchwJA1pZ_eBzHuaNcMpWzgm1_!2e10!3e12!6shttps:%2F%2Flh5.googleusercontent.com%2Fp%2FAF1QipOz4tMopN2jHAGchwJA1pZ_eBzHuaNcMpWzgm1_%3Dw203-h152-k-no!7i816!8i612!4m5!3m4!1s0x0:0x6998b105f9ba0f80!8m2!3d-34.5645388!4d-58.47508\" target=\"_blank\" rel=\"noopener noreferrer\"><em>Lucca Helader\u00eda Boutique <\/em><\/a><em>(pour ses saveurs originales)<\/em><br \/>\n<strong><em>Nos coups de c\u0153ur :\u00a0<\/em><\/strong><em>Les graffitis qui colorent les murs du quartier.<\/em> <em>Les petits chemins arbor\u00e9s qui bordent les voies de la gare.<\/em><\/p>\n","protected":false},"excerpt":{"rendered":"<p>Le quartier de Coghlan est n\u00e9 et s\u2019est d\u00e9velopp\u00e9 autour de sa station de train, inaugur\u00e9e \u00e0 la fin du XIXe si\u00e8cle. Les terres aux alentours, qui appartenaient alors au quartier de Belgrano, furent parcellis\u00e9es pour accueillir les premi\u00e8res constructions. Les premi\u00e8res r\u00e9sidences apparurent ainsi t\u00e9moignant d\u2019une forte influence anglaise et basque fran\u00e7aise qui donn\u00e8rent [&hellip;]<\/p>\n","protected":false},"author":142,"featured_media":117257,"comment_status":"closed","ping_status":"closed","sticky":false,"template":"","format":"standard","meta":{"footnotes":""},"categories":[9556,5257],"tags":[],"coauthors":[9237],"class_list":["post-117422","post","type-post","status-publish","format-standard","has-post-thumbnail","category-coghlan-fr","category-quartier"],"_links":{"self":[{"href":"https:\/\/buenosairesconnect.com\/fr\/wp-json\/wp\/v2\/posts\/117422","targetHints":{"allow":["GET"]}}],"collection":[{"href":"https:\/\/buenosairesconnect.com\/fr\/wp-json\/wp\/v2\/posts"}],"about":[{"href":"https:\/\/buenosairesconnect.com\/fr\/wp-json\/wp\/v2\/types\/post"}],"author":[{"embeddable":true,"href":"https:\/\/buenosairesconnect.com\/fr\/wp-json\/wp\/v2\/users\/142"}],"replies":[{"embeddable":true,"href":"https:\/\/buenosairesconnect.com\/fr\/wp-json\/wp\/v2\/comments?post=117422"}],"version-history":[{"count":2,"href":"https:\/\/buenosairesconnect.com\/fr\/wp-json\/wp\/v2\/posts\/117422\/revisions"}],"predecessor-version":[{"id":147851,"href":"https:\/\/buenosairesconnect.com\/fr\/wp-json\/wp\/v2\/posts\/117422\/revisions\/147851"}],"wp:featuredmedia":[{"embeddable":true,"href":"https:\/\/buenosairesconnect.com\/fr\/wp-json\/wp\/v2\/media\/117257"}],"wp:attachment":[{"href":"https:\/\/buenosairesconnect.com\/fr\/wp-json\/wp\/v2\/media?parent=117422"}],"wp:term":[{"taxonomy":"category","embeddable":true,"href":"https:\/\/buenosairesconnect.com\/fr\/wp-json\/wp\/v2\/categories?post=117422"},{"taxonomy":"post_tag","embeddable":true,"href":"https:\/\/buenosairesconnect.com\/fr\/wp-json\/wp\/v2\/tags?post=117422"},{"taxonomy":"author","embeddable":true,"href":"https:\/\/buenosairesconnect.com\/fr\/wp-json\/wp\/v2\/coauthors?post=117422"}],"curies":[{"name":"wp","href":"https:\/\/api.w.org\/{rel}","templated":true}]}}