{"id":105979,"date":"2019-08-15T08:53:56","date_gmt":"2019-08-15T11:53:56","guid":{"rendered":"https:\/\/buenosairesconnect.com\/?p=105979\/"},"modified":"2019-09-04T13:56:46","modified_gmt":"2019-09-04T16:56:46","slug":"universite-populaire-boca","status":"publish","type":"post","link":"https:\/\/buenosairesconnect.com\/fr\/universite-populaire-boca\/","title":{"rendered":"L\u2019Universit\u00e9 populaire de La Boca : un si\u00e8cle de savoirs pour tous !"},"content":{"rendered":"<p style=\"text-align: justify;\">Cr\u00e9\u00e9es en France au d\u00e9but du XX<sup>e<\/sup> si\u00e8cle, les universit\u00e9s populaires existent \u00e9galement en Argentine ! <a href=\"https:\/\/www.facebook.com\/uplaboca\/\" target=\"_blank\" rel=\"noopener noreferrer\">L\u2019Universit\u00e9 populaire de La Boca<\/a> (UPB) est la premi\u00e8re universit\u00e9 populaire cr\u00e9\u00e9e en Am\u00e9rique latine en 1917. Un si\u00e8cle plus tard, l\u2019UPB continue \u00e0 accompagner toutes les personnes qui le souhaitent dans l\u2019acquisition de savoirs et de savoir-faire, sans condition de dipl\u00f4me.<\/p>\n<h4 style=\"text-align: justify;\"><strong>Une universit\u00e9 centenaire, une page d\u2019histoire <\/strong><\/h4>\n<p style=\"text-align: justify;\">En 2019, l\u2019Universit\u00e9 populaire de <a href=\"https:\/\/buenosairesconnect.com\/fr\/la-boca-berceau-de-la-cite-portena\/\" target=\"_blank\" rel=\"noopener noreferrer\">La Boca<\/a> c\u00e9l\u00e8bre son 102<sup>e<\/sup> anniversaire ! Dans le hall d\u2019entr\u00e9e de son b\u00e2timent de la rue Pinz\u00f3n, anciens locaux de l\u2019h\u00f4pital Argerich, une exposition de photos rappelle les premi\u00e8res ann\u00e9es de l&rsquo;Universit\u00e9. Sur des clich\u00e9s en noir et blanc, des salles de classe pleines \u00e0 craquer rassemblent un public majoritairement immigr\u00e9, autour de formations techniques.<\/p>\n<p><img decoding=\"async\" class=\"size-medium wp-image-105984 alignright\" src=\"https:\/\/buenosairesconnect.com\/wp-content\/uploads\/2019\/06\/Archivos-UPB-300x173.jpg\" alt=\"Cours de dactylographie, UPB\" width=\"300\" height=\"173\" srcset=\"https:\/\/buenosairesconnect.com\/wp-content\/uploads\/2019\/06\/Archivos-UPB-300x173.jpg 300w, https:\/\/buenosairesconnect.com\/wp-content\/uploads\/2019\/06\/Archivos-UPB-696x402.jpg 696w, https:\/\/buenosairesconnect.com\/wp-content\/uploads\/2019\/06\/Archivos-UPB.jpg 720w\" sizes=\"(max-width: 300px) 100vw, 300px\" \/><\/p>\n<p style=\"text-align: justify;\">Le premier objectif de l\u2019UPB en 1919, c\u2019\u00e9tait d\u2019offrir un acc\u00e8s pour tous \u00e0 la formation professionnelle, en particulier les immigr\u00e9s arrivant en masse dans le quartier de la Boca. T\u00e9l\u00e9graphie, dactylographie, s\u00e9lection de grains, m\u00e9canique d\u2019avion\u2026 les m\u00e9tiers les plus demand\u00e9s \u00e0 l\u2019\u00e9poque y \u00e9taient enseign\u00e9s.<\/p>\n<p style=\"text-align: justify;\">\u00c0 ces formations techniques se sont ajout\u00e9s d\u00e8s 1938 des cours d\u2019espagnol pour les \u00e9trangers. \u00ab Nous aimerions relancer ces cours d\u2019espagnol pour les \u00e9trangers, pour accompagner les nouveaux arrivants dans leur int\u00e9gration dans le pays \u00bb, confie Marcela Liria Jonas, directrice de l\u2019UPB.<\/p>\n<p><strong style=\"color: #111111; font-family: Roboto, sans-serif; font-size: 19px;\">Une offre de formation li\u00e9e au march\u00e9 de l\u2019emploi<\/strong><\/p>\n<p style=\"text-align: justify;\">En 2019, la mission de l\u2019Universit\u00e9 populaire de la Boca reste la m\u00eame, apr\u00e8s une p\u00e9riode de prohibition des universit\u00e9s populaires pendant la dictature.<\/p>\n<p style=\"text-align: justify;\">L\u2019offre de formation est avant tout orient\u00e9e vers le march\u00e9 de l\u2019emploi :<\/p>\n<ul>\n<li style=\"text-align: justify;\">des formations commerciales : anglais, informatique, bureautique ;<\/li>\n<li style=\"text-align: justify;\">des ateliers techniques : \u00e9lectricit\u00e9, \u00e9lectronique, gaz et plomberie, r\u00e9paration de PC, r\u00e9paration de t\u00e9l\u00e9phone ;<\/li>\n<li style=\"text-align: justify;\">une offre en prise avec le march\u00e9 du travail actuel : webdesign, marketing digital, photographie ou encore journalisme digital.<\/li>\n<\/ul>\n<p>L&rsquo;Universit\u00e9 propose \u00e9galement une offre ludique et culturelle :<\/p>\n<ul>\n<li style=\"text-align: justify;\">des cours de pr\u00e9paration aux certificats de conduite de petit avion et de bateau ;<\/li>\n<li>des formations autour du bien-\u00eatre : reiki, tai-chi, r\u00e9flexoth\u00e9rapie, massoth\u00e9rapie ;<\/li>\n<li>des s\u00e9minaires culturels comme l&rsquo;arch\u00e9ologie urbaine.<\/li>\n<\/ul>\n<p style=\"text-align: justify;\">Qu\u2019il s\u2019agisse de se former pour trouver un emploi ou par int\u00e9r\u00eat personnel, l\u2019essentiel est de conserver l\u2019accessibilit\u00e9 des formations pour tous. \u00ab Nous pratiquons des prix accessibles et ne fonctionnons qu\u2019avec les frais de formation des \u00e9tudiants. Cela garantit notre ind\u00e9pendance et notre souhait de conserver notre mission d\u2019universit\u00e9 populaire, au plus proche des besoins de nos membres \u00bb, conclut Marcela.<\/p>\n<p><em><br \/>\n<\/em><em><strong><a href=\"https:\/\/www.facebook.com\/uplaboca\/\" target=\"_blank\" rel=\"noopener noreferrer\">Universit\u00e9 populaire de la Boca<\/a><\/strong><br \/>\n<\/em><em>Pinz\u00f3n 546 &#8211; <a href=\"https:\/\/buenosairesconnect.com\/fr\/la-boca-berceau-de-la-cite-portena\/\">Boca<\/a><br \/>\nPour s&rsquo;inscrire : rendez-vous du lundi au vendredi de 17h \u00e0 21h ou sur Facebook<br \/>\n<\/em><\/p>\n<p style=\"text-align: justify;\">\n","protected":false},"excerpt":{"rendered":"<p>Cr\u00e9\u00e9es en France au d\u00e9but du XXe si\u00e8cle, les universit\u00e9s populaires existent \u00e9galement en Argentine ! L\u2019Universit\u00e9 populaire de La Boca (UPB) est la premi\u00e8re universit\u00e9 populaire cr\u00e9\u00e9e en Am\u00e9rique latine en 1917. Un si\u00e8cle plus tard, l\u2019UPB continue \u00e0 accompagner toutes les personnes qui le souhaitent dans l\u2019acquisition de savoirs et de savoir-faire, sans [&hellip;]<\/p>\n","protected":false},"author":140,"featured_media":106835,"comment_status":"closed","ping_status":"closed","sticky":false,"template":"","format":"standard","meta":{"footnotes":""},"categories":[2416,1064,1071],"tags":[],"coauthors":[9216],"class_list":["post-105979","post","type-post","status-publish","format-standard","has-post-thumbnail","category-vivre-a-buenos-aires","category-education","category-boca-quartier"],"_links":{"self":[{"href":"https:\/\/buenosairesconnect.com\/fr\/wp-json\/wp\/v2\/posts\/105979","targetHints":{"allow":["GET"]}}],"collection":[{"href":"https:\/\/buenosairesconnect.com\/fr\/wp-json\/wp\/v2\/posts"}],"about":[{"href":"https:\/\/buenosairesconnect.com\/fr\/wp-json\/wp\/v2\/types\/post"}],"author":[{"embeddable":true,"href":"https:\/\/buenosairesconnect.com\/fr\/wp-json\/wp\/v2\/users\/140"}],"replies":[{"embeddable":true,"href":"https:\/\/buenosairesconnect.com\/fr\/wp-json\/wp\/v2\/comments?post=105979"}],"version-history":[{"count":0,"href":"https:\/\/buenosairesconnect.com\/fr\/wp-json\/wp\/v2\/posts\/105979\/revisions"}],"wp:featuredmedia":[{"embeddable":true,"href":"https:\/\/buenosairesconnect.com\/fr\/wp-json\/wp\/v2\/media\/106835"}],"wp:attachment":[{"href":"https:\/\/buenosairesconnect.com\/fr\/wp-json\/wp\/v2\/media?parent=105979"}],"wp:term":[{"taxonomy":"category","embeddable":true,"href":"https:\/\/buenosairesconnect.com\/fr\/wp-json\/wp\/v2\/categories?post=105979"},{"taxonomy":"post_tag","embeddable":true,"href":"https:\/\/buenosairesconnect.com\/fr\/wp-json\/wp\/v2\/tags?post=105979"},{"taxonomy":"author","embeddable":true,"href":"https:\/\/buenosairesconnect.com\/fr\/wp-json\/wp\/v2\/coauthors?post=105979"}],"curies":[{"name":"wp","href":"https:\/\/api.w.org\/{rel}","templated":true}]}}